{"id":32216,"date":"2023-07-06T01:02:49","date_gmt":"2023-07-05T23:02:49","guid":{"rendered":"https:\/\/www.mladibl.com\/?p=32216"},"modified":"2023-07-06T01:02:51","modified_gmt":"2023-07-05T23:02:51","slug":"u-nedjelju-ciscenje-korita-vrbasa-gradani-pozvani-da-se-pridruze","status":"publish","type":"post","link":"https:\/\/www.mladibl.com\/?p=32216","title":{"rendered":"U nedjelju \u010di\u0161\u0107enje korita Vrbasa, gra\u0111ani pozvani da se pridru\u017ee"},"content":{"rendered":"\n<p>Dajak klub Banjaluka, u saradnji sa Gradskom upravom, organizuje prvu ekolo\u0161ku akciju \u010dis\u0107enja korita Vrbasa ove sezone u nedelju, 9. jula, i to na relaciji od Dajak kluba u Boriku, pa uzvodno prema Gradskom mostu.<\/p>\n\n\n\n<p>&#8220;Pozivamo sve zainteresovane sugra\u0111ane da se odazovu ovoj ekolo\u0161koj akciji u \u0161to ve\u0107em broju&#8221;, kazali su iz Dajak kluba.<\/p>\n\n\n\n<p>Dodaju da je okupljanje u nedjelju ujutro u devet \u010dasova u Dajak klubu u Boriku.<\/p>\n\n\n\n<p>Preuzeto sa: <a href=\"https:\/\/www.nezavisne.com\/novosti\/banjaluka\/U-nedjelju-ciscenje-korita-Vrbasa-gradjani-pozvani-da-se-pridruze\/779154\" target=\"_blank\" rel=\"noreferrer noopener\">nezavisne.com<\/a><\/p>\n","protected":false},"excerpt":{"rendered":"<p>Dajak klub Banjaluka, u saradnji sa Gradskom upravom, organizuje prvu ekolo\u0161ku akciju \u010dis\u0107enja korita Vrbasa ove sezone u nedelju, 9.<\/p>\n","protected":false},"author":1,"featured_media":32213,"comment_status":"closed","ping_status":"open","sticky":false,"template":"","format":"standard","meta":{"om_disable_all_campaigns":false,"_monsterinsights_skip_tracking":false,"_monsterinsights_sitenote_active":false,"_monsterinsights_sitenote_note":"","_monsterinsights_sitenote_category":0,"footnotes":""},"categories":[2],"tags":[5955,9711,11561,562],"class_list":["post-32216","post","type-post","status-publish","format-standard","has-post-thumbnail","hentry","category-vijesti","tag-ciscenje","tag-dajak-klub","tag-korito","tag-vrbas"],"jetpack_featured_media_url":"https:\/\/www.mladibl.com\/wp-content\/uploads\/2023\/07\/U-nedjelju-ciscenje-korita-Vrbasa-gradani-pozvani-da-se-pridruze.jpg","amp_enabled":true,"_links":{"self":[{"href":"https:\/\/www.mladibl.com\/index.php?rest_route=\/wp\/v2\/posts\/32216","targetHints":{"allow":["GET"]}}],"collection":[{"href":"https:\/\/www.mladibl.com\/index.php?rest_route=\/wp\/v2\/posts"}],"about":[{"href":"https:\/\/www.mladibl.com\/index.php?rest_route=\/wp\/v2\/types\/post"}],"author":[{"embeddable":true,"href":"https:\/\/www.mladibl.com\/index.php?rest_route=\/wp\/v2\/users\/1"}],"replies":[{"embeddable":true,"href":"https:\/\/www.mladibl.com\/index.php?rest_route=%2Fwp%2Fv2%2Fcomments&post=32216"}],"version-history":[{"count":1,"href":"https:\/\/www.mladibl.com\/index.php?rest_route=\/wp\/v2\/posts\/32216\/revisions"}],"predecessor-version":[{"id":32217,"href":"https:\/\/www.mladibl.com\/index.php?rest_route=\/wp\/v2\/posts\/32216\/revisions\/32217"}],"wp:featuredmedia":[{"embeddable":true,"href":"https:\/\/www.mladibl.com\/index.php?rest_route=\/wp\/v2\/media\/32213"}],"wp:attachment":[{"href":"https:\/\/www.mladibl.com\/index.php?rest_route=%2Fwp%2Fv2%2Fmedia&parent=32216"}],"wp:term":[{"taxonomy":"category","embeddable":true,"href":"https:\/\/www.mladibl.com\/index.php?rest_route=%2Fwp%2Fv2%2Fcategories&post=32216"},{"taxonomy":"post_tag","embeddable":true,"href":"https:\/\/www.mladibl.com\/index.php?rest_route=%2Fwp%2Fv2%2Ftags&post=32216"}],"curies":[{"name":"wp","href":"https:\/\/api.w.org\/{rel}","templated":true}]}}