{"id":32100,"date":"2023-07-03T02:06:22","date_gmt":"2023-07-03T00:06:22","guid":{"rendered":"https:\/\/www.mladibl.com\/?p=32100"},"modified":"2023-07-03T02:06:23","modified_gmt":"2023-07-03T00:06:23","slug":"uz-podrsku-grada-narednog-vikenda-besplatan-prevoz-na-pecka-outdoor-festival","status":"publish","type":"post","link":"https:\/\/www.mladibl.com\/?p=32100","title":{"rendered":"Uz podr\u0161ku Grada: Narednog vikenda besplatan prevoz na \u201ePecka Outdoor Festival\u201c"},"content":{"rendered":"\n<p>Tokom predstoje\u0107eg vikenda bi\u0107e odr\u017ean \u201ePecka Outdoor Festival\u201c, a uz podr\u0161ku Grada Banje Luke organizovan je i besplatan prevoz iz Banje Luke.<\/p>\n\n\n\n<p>Prevoz od Banje Luke do Centra za posjetioce Pecka \u0107e biti dostupan 8. i 9. jula u sljede\u0107im terminima:<\/p>\n\n\n\n<ol class=\"wp-block-list\" start=\"8\">\n<li>jul \u2013 polazak iz Banje Luke sa Stare autobuske stanice u 8.30 \u010dasova, povratak iz Pecke u 20.00 \u010dasova;<\/li>\n\n\n\n<li>jul \u2013 polazak iz Banje Luke sa Stare autobuske stanice u 8.30 \u010dasova, povratak iz Pecke u 20.00 \u010dasova;<\/li>\n<\/ol>\n\n\n\n<p>Broj mjesta je ograni\u010den, a svi zainteresovani prijaviti se mogu u terminu od 8.00 do 16.00 \u010dasova putem Viber aplikacije na sljede\u0107i broj telefona: 065 607 141.<\/p>\n\n\n\n<p>Kako su naveli organizatori \u2013 Centar za posjetioce Pecka, manifestacija \u201ePecka Outdoor Festival\u201c je jedinstven festival, koji afirmi\u0161e aktivan boravak u prirodi, zdrave \u017eivotne stilove i nudi sportske, rekreativne i zabavno-edukativne sadr\u017eaje prilago\u0111ene cijeloj porodici i svim uzrastima posjetilaca.<\/p>\n\n\n\n<p>Preuzeto sa: <a href=\"https:\/\/www.banjaluka.rs.ba\/uz-podrsku-grada-narednog-vikenda-besplatan-prevoz-na-pecka-outdoor-festival\/\" target=\"_blank\" rel=\"noreferrer noopener\">Grad Banja Luka<\/a><\/p>\n","protected":false},"excerpt":{"rendered":"<p>Tokom predstoje\u0107eg vikenda bi\u0107e odr\u017ean \u201ePecka Outdoor Festival\u201c, a uz podr\u0161ku Grada Banje Luke organizovan je i besplatan prevoz iz<\/p>\n","protected":false},"author":1,"featured_media":32097,"comment_status":"closed","ping_status":"open","sticky":false,"template":"","format":"standard","meta":{"om_disable_all_campaigns":false,"_monsterinsights_skip_tracking":false,"_monsterinsights_sitenote_active":false,"_monsterinsights_sitenote_note":"","_monsterinsights_sitenote_category":0,"footnotes":""},"categories":[2],"tags":[9048,1151],"class_list":["post-32100","post","type-post","status-publish","format-standard","has-post-thumbnail","hentry","category-vijesti","tag-pecka-outdoor-festival","tag-prevoz"],"jetpack_featured_media_url":"https:\/\/www.mladibl.com\/wp-content\/uploads\/2023\/07\/Uz-podrsku-Grada_-Narednog-vikenda-besplatan-prevoz-na-\u201ePecka-Outdoor-Festival.jpg","amp_enabled":true,"_links":{"self":[{"href":"https:\/\/www.mladibl.com\/index.php?rest_route=\/wp\/v2\/posts\/32100","targetHints":{"allow":["GET"]}}],"collection":[{"href":"https:\/\/www.mladibl.com\/index.php?rest_route=\/wp\/v2\/posts"}],"about":[{"href":"https:\/\/www.mladibl.com\/index.php?rest_route=\/wp\/v2\/types\/post"}],"author":[{"embeddable":true,"href":"https:\/\/www.mladibl.com\/index.php?rest_route=\/wp\/v2\/users\/1"}],"replies":[{"embeddable":true,"href":"https:\/\/www.mladibl.com\/index.php?rest_route=%2Fwp%2Fv2%2Fcomments&post=32100"}],"version-history":[{"count":1,"href":"https:\/\/www.mladibl.com\/index.php?rest_route=\/wp\/v2\/posts\/32100\/revisions"}],"predecessor-version":[{"id":32101,"href":"https:\/\/www.mladibl.com\/index.php?rest_route=\/wp\/v2\/posts\/32100\/revisions\/32101"}],"wp:featuredmedia":[{"embeddable":true,"href":"https:\/\/www.mladibl.com\/index.php?rest_route=\/wp\/v2\/media\/32097"}],"wp:attachment":[{"href":"https:\/\/www.mladibl.com\/index.php?rest_route=%2Fwp%2Fv2%2Fmedia&parent=32100"}],"wp:term":[{"taxonomy":"category","embeddable":true,"href":"https:\/\/www.mladibl.com\/index.php?rest_route=%2Fwp%2Fv2%2Fcategories&post=32100"},{"taxonomy":"post_tag","embeddable":true,"href":"https:\/\/www.mladibl.com\/index.php?rest_route=%2Fwp%2Fv2%2Ftags&post=32100"}],"curies":[{"name":"wp","href":"https:\/\/api.w.org\/{rel}","templated":true}]}}