{"id":32074,"date":"2023-06-29T22:51:13","date_gmt":"2023-06-29T20:51:13","guid":{"rendered":"https:\/\/www.mladibl.com\/?p=32074"},"modified":"2023-06-29T23:08:51","modified_gmt":"2023-06-29T21:08:51","slug":"trening-za-izgradnju-mira","status":"publish","type":"post","link":"https:\/\/www.mladibl.com\/?p=32074","title":{"rendered":"Trening za izgradnju mira"},"content":{"rendered":"\n<p><strong>Mre\u017ea za izgradnju mira<\/strong>&nbsp;poziva sve zainteresirane u\u010desnike_ce da se prijave na dvodnevni trening za izgradnju mira koji \u0107e biti odr\u017ean od 5 \u2013 7. jula 2023. godine u Neumu.<\/p>\n\n\n\n<p>Trening \u0107e se sastojati od niza prakti\u010dnih vje\u017ebi i diskusija o pozitivnoj i nenasilnoj komunikaciji, vo\u0111enju dijaloga, osnovama ljudskih prava i diskriminacije te izgradnju mira.<\/p>\n\n\n\n<p>Ovim na\u010dinom odr\u017eavanja treninga bismo \u017eeljeli odr\u017eati nivo prisutnosti pozitivnih pri\u010da u medijima i pozvali bismo vas da nakon treninga dijelite va\u0161e pri\u010de sa nama i zajedno ispunjavamo medijski prostor onime \u0161to civilno dru\u0161tvo \u010dini za mir u Bosni i Hercegovini.<\/p>\n\n\n\n<p><strong>Broj u\u010desnika je ograni\u010den, i molimo vas da se u \u0161to skorijem roku prijavite na poziv kako biste osigurali sebi mjesto. U slu\u010daju ve\u0107eg broja prijava, Mre\u017ea za izgradnju mira \u0107e vr\u0161iti selekciju u\u010desnika_ca te obavijestiti odabrane u\u010desnike_ce.<\/strong><\/p>\n\n\n\n<p><strong>Prijave se vr\u0161e putem&nbsp;<\/strong><a href=\"https:\/\/forms.gle\/zDT5vPCfp9RBKfxh9\" target=\"_blank\" rel=\"noreferrer noopener\"><strong>online obrasca<\/strong><\/a><strong>&nbsp;do 1. jula 2023. godine, do 23:59 sati.<\/strong><\/p>\n\n\n\n<p>Za sve informacije mo\u017eete nas kontaktirati na e-mail&nbsp;<a href=\"mailto:info@mreza-mira.net\" target=\"_blank\" rel=\"noreferrer noopener\">info@mreza-mira.net<\/a><\/p>\n\n\n\n<p>Preuzeto sa:\u00a0<a rel=\"noreferrer noopener\" href=\"https:\/\/www.mreza-mira.net\/vijesti\/seminari-treninzi\/mreza-za-izgradnju-mira-objavljuje-javni-poziv-za-ucesce-na-dvodnevnom-treningu-za-izgradnju-mira-5-7-juli-2023-neum\/\" target=\"_blank\">mreza-mira.net<\/a><a href=\"https:\/\/www.mladibl.com\/?p=31660\"><\/a><\/p>\n","protected":false},"excerpt":{"rendered":"<p>Mre\u017ea za izgradnju mira&nbsp;poziva sve zainteresirane u\u010desnike_ce da se prijave na dvodnevni trening za izgradnju mira koji \u0107e biti odr\u017ean<\/p>\n","protected":false},"author":1,"featured_media":32065,"comment_status":"closed","ping_status":"open","sticky":false,"template":"","format":"standard","meta":{"om_disable_all_campaigns":false,"_monsterinsights_skip_tracking":false,"_monsterinsights_sitenote_active":false,"_monsterinsights_sitenote_note":"","_monsterinsights_sitenote_category":0,"footnotes":""},"categories":[4,8692],"tags":[2933,220],"class_list":["post-32074","post","type-post","status-publish","format-standard","has-post-thumbnail","hentry","category-edukacija","category-izdvajamo","tag-izgradnja-mira","tag-trening"],"jetpack_featured_media_url":"https:\/\/www.mladibl.com\/wp-content\/uploads\/2023\/06\/dvodnevni-trening-za-izgradnju-mira-5-7.-juli-2023.-Neum.jpg","amp_enabled":true,"_links":{"self":[{"href":"https:\/\/www.mladibl.com\/index.php?rest_route=\/wp\/v2\/posts\/32074","targetHints":{"allow":["GET"]}}],"collection":[{"href":"https:\/\/www.mladibl.com\/index.php?rest_route=\/wp\/v2\/posts"}],"about":[{"href":"https:\/\/www.mladibl.com\/index.php?rest_route=\/wp\/v2\/types\/post"}],"author":[{"embeddable":true,"href":"https:\/\/www.mladibl.com\/index.php?rest_route=\/wp\/v2\/users\/1"}],"replies":[{"embeddable":true,"href":"https:\/\/www.mladibl.com\/index.php?rest_route=%2Fwp%2Fv2%2Fcomments&post=32074"}],"version-history":[{"count":1,"href":"https:\/\/www.mladibl.com\/index.php?rest_route=\/wp\/v2\/posts\/32074\/revisions"}],"predecessor-version":[{"id":32075,"href":"https:\/\/www.mladibl.com\/index.php?rest_route=\/wp\/v2\/posts\/32074\/revisions\/32075"}],"wp:featuredmedia":[{"embeddable":true,"href":"https:\/\/www.mladibl.com\/index.php?rest_route=\/wp\/v2\/media\/32065"}],"wp:attachment":[{"href":"https:\/\/www.mladibl.com\/index.php?rest_route=%2Fwp%2Fv2%2Fmedia&parent=32074"}],"wp:term":[{"taxonomy":"category","embeddable":true,"href":"https:\/\/www.mladibl.com\/index.php?rest_route=%2Fwp%2Fv2%2Fcategories&post=32074"},{"taxonomy":"post_tag","embeddable":true,"href":"https:\/\/www.mladibl.com\/index.php?rest_route=%2Fwp%2Fv2%2Ftags&post=32074"}],"curies":[{"name":"wp","href":"https:\/\/api.w.org\/{rel}","templated":true}]}}