{"id":32070,"date":"2023-06-29T19:16:10","date_gmt":"2023-06-29T17:16:10","guid":{"rendered":"https:\/\/www.mladibl.com\/?p=32070"},"modified":"2023-06-29T19:16:12","modified_gmt":"2023-06-29T17:16:12","slug":"u-subotu-festival-srpskog-folklora-u-organizaciji-anip-veselin-maslesa","status":"publish","type":"post","link":"https:\/\/www.mladibl.com\/?p=32070","title":{"rendered":"U subotu: Festival Srpskog folklora u organizaciji ANIP \u201eVeselin Masle\u0161a\u201c"},"content":{"rendered":"\n<p>Ansambl narodnih igara i pjesama \u201eVeselin Masle\u0161a\u201c organizuje osmi po redu \u201eFestival Srpskog folklora\u201c, koji je ove godine posve\u0107en jubileju \u2013 75 godina postojanja i rada Ansambla, a koji \u0107e biti odr\u017ean 1. jula u Sportskoj dvorani \u201eBorik\u201c.<\/p>\n\n\n\n<p>\u2013 Koncertno ve\u010de se odr\u017eava 1. jula. od 19.00 \u010dasova, u Sportskoj dvorani \u201eBorik\u201c, a prodaja ulaznica se vr\u0161i svakog radnog dana od 18.00 do 22.00 sata u prostorijama Ansambla u Aleji Sv.Save broj 20, kao i na biletarnici SD \u201eBorik\u201c na dan odr\u017eavanja koncerta \u2013 navedeno je u saop\u0161tenju organizatora.<\/p>\n\n\n\n<p>Dodaju kako \u0107e se, pored u\u010desnika, koji u Banjoj Luci borave od 29. juna do 2. jula., na koncertnoj ve\u010deri predstaviti i \u010dlanovi \u201eMasle\u0161e\u201c, te na taj na\u010din najbolje obilje\u017eiti centralni doga\u0111aj posve\u0107en jubileju.<\/p>\n\n\n\n<p>Organizatori dodaju da je cijena ulaznice 10 KM.<\/p>\n\n\n\n<p>Preuzeto sa: <a href=\"https:\/\/www.banjaluka.rs.ba\/festival-srpskog-folklora-u-organizaciji-anip-veselin-maslesa\/\" target=\"_blank\" rel=\"noreferrer noopener\">Grad Banja Luka<\/a><\/p>\n","protected":false},"excerpt":{"rendered":"<p>Ansambl narodnih igara i pjesama \u201eVeselin Masle\u0161a\u201c organizuje osmi po redu \u201eFestival Srpskog folklora\u201c, koji je ove godine posve\u0107en jubileju<\/p>\n","protected":false},"author":1,"featured_media":32067,"comment_status":"closed","ping_status":"open","sticky":false,"template":"","format":"standard","meta":{"om_disable_all_campaigns":false,"_monsterinsights_skip_tracking":false,"_monsterinsights_sitenote_active":false,"_monsterinsights_sitenote_note":"","_monsterinsights_sitenote_category":0,"footnotes":""},"categories":[2],"tags":[707,11532,11279],"class_list":["post-32070","post","type-post","status-publish","format-standard","has-post-thumbnail","hentry","category-vijesti","tag-festival","tag-srpski-folklor","tag-veselin-maslesa"],"jetpack_featured_media_url":"https:\/\/www.mladibl.com\/wp-content\/uploads\/2023\/06\/U-subotu_-Festival-Srpskog-folklora-u-organizaciji-ANIP-\u201eVeselin-Maslesa.jpg","amp_enabled":true,"_links":{"self":[{"href":"https:\/\/www.mladibl.com\/index.php?rest_route=\/wp\/v2\/posts\/32070","targetHints":{"allow":["GET"]}}],"collection":[{"href":"https:\/\/www.mladibl.com\/index.php?rest_route=\/wp\/v2\/posts"}],"about":[{"href":"https:\/\/www.mladibl.com\/index.php?rest_route=\/wp\/v2\/types\/post"}],"author":[{"embeddable":true,"href":"https:\/\/www.mladibl.com\/index.php?rest_route=\/wp\/v2\/users\/1"}],"replies":[{"embeddable":true,"href":"https:\/\/www.mladibl.com\/index.php?rest_route=%2Fwp%2Fv2%2Fcomments&post=32070"}],"version-history":[{"count":1,"href":"https:\/\/www.mladibl.com\/index.php?rest_route=\/wp\/v2\/posts\/32070\/revisions"}],"predecessor-version":[{"id":32071,"href":"https:\/\/www.mladibl.com\/index.php?rest_route=\/wp\/v2\/posts\/32070\/revisions\/32071"}],"wp:featuredmedia":[{"embeddable":true,"href":"https:\/\/www.mladibl.com\/index.php?rest_route=\/wp\/v2\/media\/32067"}],"wp:attachment":[{"href":"https:\/\/www.mladibl.com\/index.php?rest_route=%2Fwp%2Fv2%2Fmedia&parent=32070"}],"wp:term":[{"taxonomy":"category","embeddable":true,"href":"https:\/\/www.mladibl.com\/index.php?rest_route=%2Fwp%2Fv2%2Fcategories&post=32070"},{"taxonomy":"post_tag","embeddable":true,"href":"https:\/\/www.mladibl.com\/index.php?rest_route=%2Fwp%2Fv2%2Ftags&post=32070"}],"curies":[{"name":"wp","href":"https:\/\/api.w.org\/{rel}","templated":true}]}}