{"id":31916,"date":"2023-06-26T09:40:45","date_gmt":"2023-06-26T07:40:45","guid":{"rendered":"https:\/\/www.mladibl.com\/?p=31916"},"modified":"2023-06-26T09:40:47","modified_gmt":"2023-06-26T07:40:47","slug":"pridruzite-se-u-srijedu-vidovdanski-sabor-u-centru-banje-luke","status":"publish","type":"post","link":"https:\/\/www.mladibl.com\/?p=31916","title":{"rendered":"Pridru\u017eite se: U srijedu Vidovdanski sabor u centru Banje Luke"},"content":{"rendered":"\n<p>Njeguju\u0107i vidovdanski duh uz prigodan kulturno-umjetni\u010dki program Banja Luka \u0107e u srijedu, 28. juna proslaviti veliki hri\u0161\u0107anski praznik \u2013 Vidovan.<\/p>\n\n\n\n<p>Pridru\u017eite se Vidovdanskom saboru, koji \u0107e u 20.30 \u010dasova biti odr\u017ean na platou ispred Hrama Hrista Spasitelja. U slu\u010daju ki\u0161e program \u0107e biti odr\u017ean u Banskom dvoru.<\/p>\n\n\n\n<p>Na ovogodi\u0161njem Saboru svi sugra\u0111ani ima\u0107e priliku da \u010duju besjedu prof. dr Milo\u0161a Kovi\u0107a, ali i da u\u017eivaju u etno muzici koju \u0107e izvoditi Branka Ze\u010devi\u0107.<\/p>\n\n\n\n<p>Tako\u0111e, u programu \u0107e nastupiti i djeca sa Kosova i Metohije \u2013 Olivera Miti\u0107, Simonida Rako\u010devi\u0107 i Andrej Mihajlovi\u0107, ali i hor banjalu\u010dkog Udru\u017eenja \u201eBijeli an\u0111eo\u201c, te Dje\u010diji hor Rebrova\u010dke crkve. Tako\u0111e, program \u0107e upotpuniti pobjednica republi\u010dkog takmi\u010denja u recitovanju \u2013 mlada glumica Milica Ani\u010di\u0107 koja \u0107e recitovati stihove Matije Be\u0107kovi\u0107a.<\/p>\n\n\n\n<p>Ovaj program organizuje Srbsko sabranje \u201eBa\u0161tionik\u201c uz podr\u0161ku Grada Banje Luke.<\/p>\n\n\n\n<p>Preuzeto sa: <a href=\"https:\/\/www.banjaluka.rs.ba\/pridruzite-se-u-srijedu-vidovdanski-sabor-u-centru-banje-luke\/\" target=\"_blank\" rel=\"noreferrer noopener\">Grad Banja Luka<\/a><\/p>\n","protected":false},"excerpt":{"rendered":"<p>Njeguju\u0107i vidovdanski duh uz prigodan kulturno-umjetni\u010dki program Banja Luka \u0107e u srijedu, 28. juna proslaviti veliki hri\u0161\u0107anski praznik \u2013 Vidovan.<\/p>\n","protected":false},"author":1,"featured_media":31917,"comment_status":"closed","ping_status":"open","sticky":false,"template":"","format":"standard","meta":{"om_disable_all_campaigns":false,"_monsterinsights_skip_tracking":false,"_monsterinsights_sitenote_active":false,"_monsterinsights_sitenote_note":"","_monsterinsights_sitenote_category":0,"footnotes":""},"categories":[2],"tags":[53,8663,11503,11502],"class_list":["post-31916","post","type-post","status-publish","format-standard","has-post-thumbnail","hentry","category-vijesti","tag-banja-luka","tag-praznik","tag-vidovdan","tag-vidovdanski-sabor"],"jetpack_featured_media_url":"https:\/\/www.mladibl.com\/wp-content\/uploads\/2023\/06\/Pridruzite-se_-U-srijedu-Vidovdanski-sabor-u-centru-Banje-Luke.jpg","amp_enabled":true,"_links":{"self":[{"href":"https:\/\/www.mladibl.com\/index.php?rest_route=\/wp\/v2\/posts\/31916","targetHints":{"allow":["GET"]}}],"collection":[{"href":"https:\/\/www.mladibl.com\/index.php?rest_route=\/wp\/v2\/posts"}],"about":[{"href":"https:\/\/www.mladibl.com\/index.php?rest_route=\/wp\/v2\/types\/post"}],"author":[{"embeddable":true,"href":"https:\/\/www.mladibl.com\/index.php?rest_route=\/wp\/v2\/users\/1"}],"replies":[{"embeddable":true,"href":"https:\/\/www.mladibl.com\/index.php?rest_route=%2Fwp%2Fv2%2Fcomments&post=31916"}],"version-history":[{"count":1,"href":"https:\/\/www.mladibl.com\/index.php?rest_route=\/wp\/v2\/posts\/31916\/revisions"}],"predecessor-version":[{"id":31918,"href":"https:\/\/www.mladibl.com\/index.php?rest_route=\/wp\/v2\/posts\/31916\/revisions\/31918"}],"wp:featuredmedia":[{"embeddable":true,"href":"https:\/\/www.mladibl.com\/index.php?rest_route=\/wp\/v2\/media\/31917"}],"wp:attachment":[{"href":"https:\/\/www.mladibl.com\/index.php?rest_route=%2Fwp%2Fv2%2Fmedia&parent=31916"}],"wp:term":[{"taxonomy":"category","embeddable":true,"href":"https:\/\/www.mladibl.com\/index.php?rest_route=%2Fwp%2Fv2%2Fcategories&post=31916"},{"taxonomy":"post_tag","embeddable":true,"href":"https:\/\/www.mladibl.com\/index.php?rest_route=%2Fwp%2Fv2%2Ftags&post=31916"}],"curies":[{"name":"wp","href":"https:\/\/api.w.org\/{rel}","templated":true}]}}