{"id":31913,"date":"2023-06-26T09:38:10","date_gmt":"2023-06-26T07:38:10","guid":{"rendered":"https:\/\/www.mladibl.com\/?p=31913"},"modified":"2023-06-26T09:38:12","modified_gmt":"2023-06-26T07:38:12","slug":"spoj-tradicije-obicaja-i-folklora-kozara-etno-od-30-juna-do-2-jula","status":"publish","type":"post","link":"https:\/\/www.mladibl.com\/?p=31913","title":{"rendered":"Spoj tradicije, obi\u010daja i folklora: \u201eKozara etno\u201c od 30. juna do 2. jula"},"content":{"rendered":"\n<p>Festival \u201eKozara etno 2023\u201c donosi od 30. juna do 2. jula jo\u0161 jednu \u010daroliju koja spaja tradiciju, obi\u010daje i folklor.<\/p>\n\n\n\n<p>-Uplovite sa nama u svijet tradicionalne muzike, igara, takmi\u010denja i prepustite se jedinstvenoj atmosferi koja donosi duh tradicije Kozare i Potkozarja, ali i Meksika, Srbije, Kube, Turske\u2026 \u2013 saop\u0161tili su organizatori KUD \u201ePiskavica\u201c i Turisti\u010dka organizacija grada Banje Luke.<\/p>\n\n\n\n<p>Festival \u201eKozara etno\u201c je prepoznatljiv po tome \u0161to svake godine ima odre\u0111enu temu koja predstavlja razli\u010dite aktivnosti koje su se u potkozarskim selima izvodile u ku\u0107i i polju. Ove godine to je obi\u010daj paljenje lila.<\/p>\n\n\n\n<p>Ovim tradicionalnim petrovdanskim obi\u010dajem, priziva se dobro zdravlje stoke i blagostanje u doma\u0107instvu, a obi\u010daju se najvi\u0161e raduju najmla\u0111i koji s nestrpljenjem \u010dekaju ve\u010de, paljenje lila, igru i smijeh sa drugarima i drugaricama.&nbsp;Vi\u0161e o obi\u010daju paljenja lila mo\u017eete vidjeti i \u010duti 30. juna u Piskavici, gdje \u0107e biti otvaranje festivala Kozara etno 2023.<\/p>\n\n\n\n<p>-Kao \u010dlan CIOFF sekcije za BiH, festival \u201eKozara etno\u201c je posve\u0107en o\u010duvanju kulturnog naslje\u0111a sa podru\u010dja Kozare i Potkozarja. Kroz dosada\u0161njih 17 festivalskih izdanja nastupilo je oko 7.000 u\u010desnika iz 30 zemalja svijeta \u2013 naveli su organizatori.<\/p>\n\n\n\n<p>Program pogledajte\u00a0<strong><a href=\"https:\/\/www.banjaluka.rs.ba\/wp-content\/uploads\/2023\/06\/Kozara-etno.jpg\" target=\"_blank\" rel=\"noreferrer noopener\">OVDJE<\/a><\/strong>.<\/p>\n\n\n\n<p>Preuzeto sa: <a href=\"https:\/\/www.banjaluka.rs.ba\/kozara-etno-od-30-juna-do-2-jula\/\" target=\"_blank\" rel=\"noreferrer noopener\">Grad Banja Luka<\/a><\/p>\n","protected":false},"excerpt":{"rendered":"<p>Festival \u201eKozara etno 2023\u201c donosi od 30. juna do 2. jula jo\u0161 jednu \u010daroliju koja spaja tradiciju, obi\u010daje i folklor.<\/p>\n","protected":false},"author":1,"featured_media":31914,"comment_status":"closed","ping_status":"open","sticky":false,"template":"","format":"standard","meta":{"om_disable_all_campaigns":false,"_monsterinsights_skip_tracking":false,"_monsterinsights_sitenote_active":false,"_monsterinsights_sitenote_note":"","_monsterinsights_sitenote_category":0,"footnotes":""},"categories":[2],"tags":[707,11501],"class_list":["post-31913","post","type-post","status-publish","format-standard","has-post-thumbnail","hentry","category-vijesti","tag-festival","tag-kozara-etno"],"jetpack_featured_media_url":"https:\/\/www.mladibl.com\/wp-content\/uploads\/2023\/06\/Spoj-tradicije-obicaja-i-folklora_-\u201eKozara-etno-od-30.-juna-do-2.-jula.jpg","amp_enabled":true,"_links":{"self":[{"href":"https:\/\/www.mladibl.com\/index.php?rest_route=\/wp\/v2\/posts\/31913","targetHints":{"allow":["GET"]}}],"collection":[{"href":"https:\/\/www.mladibl.com\/index.php?rest_route=\/wp\/v2\/posts"}],"about":[{"href":"https:\/\/www.mladibl.com\/index.php?rest_route=\/wp\/v2\/types\/post"}],"author":[{"embeddable":true,"href":"https:\/\/www.mladibl.com\/index.php?rest_route=\/wp\/v2\/users\/1"}],"replies":[{"embeddable":true,"href":"https:\/\/www.mladibl.com\/index.php?rest_route=%2Fwp%2Fv2%2Fcomments&post=31913"}],"version-history":[{"count":1,"href":"https:\/\/www.mladibl.com\/index.php?rest_route=\/wp\/v2\/posts\/31913\/revisions"}],"predecessor-version":[{"id":31915,"href":"https:\/\/www.mladibl.com\/index.php?rest_route=\/wp\/v2\/posts\/31913\/revisions\/31915"}],"wp:featuredmedia":[{"embeddable":true,"href":"https:\/\/www.mladibl.com\/index.php?rest_route=\/wp\/v2\/media\/31914"}],"wp:attachment":[{"href":"https:\/\/www.mladibl.com\/index.php?rest_route=%2Fwp%2Fv2%2Fmedia&parent=31913"}],"wp:term":[{"taxonomy":"category","embeddable":true,"href":"https:\/\/www.mladibl.com\/index.php?rest_route=%2Fwp%2Fv2%2Fcategories&post=31913"},{"taxonomy":"post_tag","embeddable":true,"href":"https:\/\/www.mladibl.com\/index.php?rest_route=%2Fwp%2Fv2%2Ftags&post=31913"}],"curies":[{"name":"wp","href":"https:\/\/api.w.org\/{rel}","templated":true}]}}