{"id":3175,"date":"2020-10-06T00:54:25","date_gmt":"2020-10-05T22:54:25","guid":{"rendered":"http:\/\/www.mladibl.com\/?p=3175"},"modified":"2020-10-06T00:54:27","modified_gmt":"2020-10-05T22:54:27","slug":"otvorili-i-konfucionicu-gimnazija-obiljezila-125-godina-rada","status":"publish","type":"post","link":"https:\/\/www.mladibl.com\/?p=3175","title":{"rendered":"Otvorili i \u201eKonfu\u010dionicu\u201c: Gimnazija obilje\u017eila 125 godina rada"},"content":{"rendered":"\n<p>Povodom 125 godina od osnivanja banjalu\u010dke Gimnazije, danas je u ovoj najstarijoj srednjoj \u0161koli u RS \u2013 otvorena \u201eKonfu\u010dionica\u201c, prva specijalizovana u\u010dionica za izu\u010davanje kineskog jezika i kulture.<\/p>\n\n\n\n<p>-Uz obilje\u017eavanje ovog zna\u010dajnog jubileja ide i jo\u0161 jedna nova lijepa stvar za na\u0161e u\u010denike, a to je otvaranje \u201eKonfu\u010dionice\u201c. Tu \u0107e na\u0161a djeca u savremeno opremljenoj u\u010dionici imati priliku da lak\u0161e savladaju, ne samo kineski, nego i bilo koji drugi strani jezik \u2013 kazala je Vita Male\u0161evi\u0107, direktorica banjalu\u010dke Gimnazije, dodaju\u0107i da, uz 60-ak u\u010denika imaju i nekoliko profesora koji usavr\u0161avaju i u\u010de kineski jezik.<\/p>\n\n\n\n<p>Zbog epidemije virusa korona, kako je navela \u2013 ovogodi\u0161nja proslava velikog jubileja \u2013 obilje\u017eava se ne\u0161to skromnije nego ranije.<\/p>\n\n\n\n<p>Gradona\u010delnik Igor Radoji\u010di\u0107, uz \u010destitke ovoj ustanovi na vijek i \u010detvrt trajanja, kazao da je Gimnazija epicentar obrazovanja u gradu.<\/p>\n\n\n\n<p>-Kada je zapo\u010dela rad prije 125 godina, diploma Gimnazije je imala vrijednost, i tada kao i sada, ja\u010du od nekih danas zavr\u0161enih fakultetskih ili postdiplomskih studija. Uloga Gimnazije u podizanju nivoa obrazovanja stanovni\u0161tva u na\u0161em gradu u ovom dugom periodu je gotovo neizmjerljiva \u2013 naglasio je Radoji\u010di\u0107, koji je danas prisustvovao sve\u010danosti u Gimnaziji.<\/p>\n\n\n\n<p>Brojni su oni koji su zavr\u0161ili Banjalu\u010dku gimnaziju, kako je naveo \u2013 i dostigli najvi\u0161e visine u svojim granama nauke, tehnologije, in\u017eenjerstva, medicine i umjetnosti.<\/p>\n\n\n\n<p>Preuzeto sa: <a href=\"http:\/\/www.banjaluka.rs.ba\/%d0%be%d1%82%d0%b2%d0%be%d1%80%d0%b8%d0%bb%d0%b8-%d0%b8-%d0%ba%d0%be%d0%bd%d1%84%d1%83%d1%87%d0%b8%d0%be%d0%bd%d0%b8%d1%86%d1%83-%d0%b3%d0%b8%d0%bc%d0%bd%d0%b0%d0%b7%d0%b8%d1%98\/\" target=\"_blank\" rel=\"noreferrer noopener\" aria-label=\"Grad Banja Luka (opens in a new tab)\">Grad Banja Luka<\/a><\/p>\n","protected":false},"excerpt":{"rendered":"<p>Povodom 125 godina od osnivanja banjalu\u010dke Gimnazije, danas je u ovoj najstarijoj srednjoj \u0161koli u RS \u2013 otvorena \u201eKonfu\u010dionica\u201c, prva<\/p>\n","protected":false},"author":1,"featured_media":3176,"comment_status":"closed","ping_status":"open","sticky":false,"template":"","format":"standard","meta":{"om_disable_all_campaigns":false,"_monsterinsights_skip_tracking":false,"_monsterinsights_sitenote_active":false,"_monsterinsights_sitenote_note":"","_monsterinsights_sitenote_category":0,"footnotes":""},"categories":[2],"tags":[1479,53,1046,1480],"class_list":["post-3175","post","type-post","status-publish","format-standard","has-post-thumbnail","hentry","category-vijesti","tag-125-godina-rada","tag-banja-luka","tag-gimnazija","tag-konfucionica"],"jetpack_featured_media_url":"https:\/\/www.mladibl.com\/wp-content\/uploads\/2020\/10\/Otvorili-i-\u201eKonfu\u010dionicu\u201c-Gimnazija-obilje\u017eila-125-godina-rada-1.jpg","amp_enabled":true,"_links":{"self":[{"href":"https:\/\/www.mladibl.com\/index.php?rest_route=\/wp\/v2\/posts\/3175","targetHints":{"allow":["GET"]}}],"collection":[{"href":"https:\/\/www.mladibl.com\/index.php?rest_route=\/wp\/v2\/posts"}],"about":[{"href":"https:\/\/www.mladibl.com\/index.php?rest_route=\/wp\/v2\/types\/post"}],"author":[{"embeddable":true,"href":"https:\/\/www.mladibl.com\/index.php?rest_route=\/wp\/v2\/users\/1"}],"replies":[{"embeddable":true,"href":"https:\/\/www.mladibl.com\/index.php?rest_route=%2Fwp%2Fv2%2Fcomments&post=3175"}],"version-history":[{"count":1,"href":"https:\/\/www.mladibl.com\/index.php?rest_route=\/wp\/v2\/posts\/3175\/revisions"}],"predecessor-version":[{"id":3177,"href":"https:\/\/www.mladibl.com\/index.php?rest_route=\/wp\/v2\/posts\/3175\/revisions\/3177"}],"wp:featuredmedia":[{"embeddable":true,"href":"https:\/\/www.mladibl.com\/index.php?rest_route=\/wp\/v2\/media\/3176"}],"wp:attachment":[{"href":"https:\/\/www.mladibl.com\/index.php?rest_route=%2Fwp%2Fv2%2Fmedia&parent=3175"}],"wp:term":[{"taxonomy":"category","embeddable":true,"href":"https:\/\/www.mladibl.com\/index.php?rest_route=%2Fwp%2Fv2%2Fcategories&post=3175"},{"taxonomy":"post_tag","embeddable":true,"href":"https:\/\/www.mladibl.com\/index.php?rest_route=%2Fwp%2Fv2%2Ftags&post=3175"}],"curies":[{"name":"wp","href":"https:\/\/api.w.org\/{rel}","templated":true}]}}