{"id":3156,"date":"2020-10-05T09:36:30","date_gmt":"2020-10-05T07:36:30","guid":{"rendered":"http:\/\/www.mladibl.com\/?p=3156"},"modified":"2020-10-05T09:36:32","modified_gmt":"2020-10-05T07:36:32","slug":"konkurs-za-novinarsku-nagradu-srdan-aleksic-poziv-za-nominacije","status":"publish","type":"post","link":"https:\/\/www.mladibl.com\/?p=3156","title":{"rendered":"Konkurs za novinarsku nagradu Sr\u0111an Aleksi\u0107: Poziv za nominacije"},"content":{"rendered":"\n<p>Ovim pismom \u017eelimo da vas informi\u0161emo i potaknemo da se aktivno uklju\u010dite u promociju i u\u010de\u0161\u0107e na ovogodi\u0161njem Konkursu za Novinarsku nagradu Sr\u0111an Aleksi\u0107.<\/p>\n\n\n\n<p>Ova nagrada promovi\u0161e i daje dodatnu motivaciju novinarima i novinarkama, emisijama i medijima koji_e na profesionalan na\u010din i u kontinuitetu izvje\u0161tavaju o marginalizovanim i ranjivim grupama u na\u0161em dru\u0161tvu i doprinose razvoju dru\u0161tveno odgovornog novinarstva.<\/p>\n\n\n\n<p>Podr\u017eite novinare i novinarke koji_e profesionalno rade svoj posao, koji prate rad va\u0161e organizacije i izvje\u0161tavaju sa va\u0161ih aktivnosti. Podr\u017eite novinare i novinarke, emisije i medije koji se isti\u010du svojom profesionalno\u0161\u0107u i odgovorno\u0161\u0107u i koji koriste adekvatan i politi\u010dki korektan govor, koji uklju\u010duju sve strane u prilozima i tekstovima, odnosno koji su objektivni, ali su na strani ranjivih. Podr\u017eite novinare i novinarke koji promovi\u0161u mir, su\u017eivot i toleranciju i ljudska prava. Podr\u017eite novinare i novinarke koji_e razumiju zna\u010daj  i snagu rije\u010di izre\u010dene i napisane u javnom prostoru i takvoj rije\u010di pristupaju sa odgovorno\u0161\u0107u koja ona sa sobom nosi, takvu rije\u010d koriste da doprinesu razvijanju svijesti javnosti o kr\u0161enjima ljudskih prava, ali i promociji pozitivnih narativa i tema koje nas spajaju, \u010dine boljima i daju nam motivaciju da budemo dio pozitivnih promjena, a ne onih koje stvaraju razdor me\u0111u nama.<\/p>\n\n\n\n<p>Nagradite ih time \u0161to \u0107ete ih nominirati na na\u010din predvi\u0111en u Konkursu, koji se nalazi <strong><a href=\"https:\/\/www.mreza-mira.net\/wp-content\/uploads\/2020\/10\/Konkurs-Novinarska-nagrada-Srdjan-Aleksic-2020.doc\" target=\"_blank\" rel=\"noreferrer noopener\" aria-label=\"ovdje (opens in a new tab)\">ovdje<\/a><\/strong>.<\/p>\n\n\n\n<p>Dovoljno je kratko obrazlo\u017eenje o tome za\u0161to mislite da jedan novinar\/novinarka, emisija ili medij zaslu\u017euje ovu nagradu, i najmanje dva priloga\/teksta. <strong><a href=\"https:\/\/www.mreza-mira.net\/wp-content\/uploads\/2020\/10\/Konkurs-Novinarska-nagrada-Srdjan-Aleksic-2020.doc\" target=\"_blank\" rel=\"noreferrer noopener\" aria-label=\"Konkurs prona\u0111ite ovdje (opens in a new tab)\">Konkurs prona\u0111ite ovdje<\/a><\/strong>.<\/p>\n\n\n\n<p>Kako nam jo\u0161 mo\u017eete pomo\u0107i? Mo\u017eete organizovati prezentaciju poziva za nevladine organizacije i novinare iz va\u0161e lokalne zajednice ili im mo\u017eete proslijediti poziv.<\/p>\n\n\n\n<p>Pored udru\u017eenja gra\u0111ana, koji mogu predlo\u017eiti novinare i novinarke, emisije i medije, novinari i novinarke se mogu direktno prijavljivati na Konkurs.<\/p>\n\n\n\n<p>Ova nagrada novinarima i novinarkama mnogo zna\u010di iz nekoliko razloga, prije svega \u0161to nosi ime istinskog heroja Sr\u0111ana Aleksi\u0107a, \u010dije ime simbolizuje gra\u0111ansku odgovornost i hrabrost, humanost i solidarnost. Nagrada je tako\u0111er specifi\u010dna jer tre\u0107a lica, odnosno nevladine organizacije, nominuju novinare i novinarke za priznanje. I na kraju ova nagrada je postala tradicionalna jer se dodjeljuje po deseti put ove godine i po mnogima je najzna\u010dajnija novinarska nagrada u Bosni i Hercegovini.<\/p>\n\n\n\n<p>Jo\u0161 jednom vas molimo da se uklju\u010dite jer je ovo na\u0161a nagrada, nagrada Mre\u017ee za izgradnju mira, nagrada svih nevladinih organizacija u Bosni i Hercegovini, nagrada svih potla\u010denih, marginalizovanih i ugro\u017eenih u svom svakodnevnom \u017eivotu.<\/p>\n\n\n\n<p>Preuzeto sa: <a href=\"https:\/\/www.mreza-mira.net\/vijesti\/aktivnosti-mreze\/konkurs-za-novinarsku-nagradu-srdan-aleksic-poziv-za-nominacije\/\" target=\"_blank\" rel=\"noreferrer noopener\" aria-label=\"mreza-mira.net (opens in a new tab)\">mreza-mira.net<\/a><\/p>\n","protected":false},"excerpt":{"rendered":"<p>Ovim pismom \u017eelimo da vas informi\u0161emo i potaknemo da se aktivno uklju\u010dite u promociju i u\u010de\u0161\u0107e na ovogodi\u0161njem Konkursu za<\/p>\n","protected":false},"author":1,"featured_media":3157,"comment_status":"closed","ping_status":"open","sticky":false,"template":"","format":"standard","meta":{"om_disable_all_campaigns":false,"_monsterinsights_skip_tracking":false,"_monsterinsights_sitenote_active":false,"_monsterinsights_sitenote_note":"","_monsterinsights_sitenote_category":0,"footnotes":""},"categories":[1461],"tags":[306,1469,1467,355,1468],"class_list":["post-3156","post","type-post","status-publish","format-standard","has-post-thumbnail","hentry","category-konkursi","tag-konkurs","tag-nominacije","tag-novinarska-nagrada","tag-poziv","tag-srdan-aleksic"],"jetpack_featured_media_url":"https:\/\/www.mladibl.com\/wp-content\/uploads\/2020\/10\/Konkurs-za-novinarsku-nagradu-Sr\u0111an-Aleksi\u0107-Poziv-za-nominacije.jpg","amp_enabled":true,"_links":{"self":[{"href":"https:\/\/www.mladibl.com\/index.php?rest_route=\/wp\/v2\/posts\/3156","targetHints":{"allow":["GET"]}}],"collection":[{"href":"https:\/\/www.mladibl.com\/index.php?rest_route=\/wp\/v2\/posts"}],"about":[{"href":"https:\/\/www.mladibl.com\/index.php?rest_route=\/wp\/v2\/types\/post"}],"author":[{"embeddable":true,"href":"https:\/\/www.mladibl.com\/index.php?rest_route=\/wp\/v2\/users\/1"}],"replies":[{"embeddable":true,"href":"https:\/\/www.mladibl.com\/index.php?rest_route=%2Fwp%2Fv2%2Fcomments&post=3156"}],"version-history":[{"count":1,"href":"https:\/\/www.mladibl.com\/index.php?rest_route=\/wp\/v2\/posts\/3156\/revisions"}],"predecessor-version":[{"id":3158,"href":"https:\/\/www.mladibl.com\/index.php?rest_route=\/wp\/v2\/posts\/3156\/revisions\/3158"}],"wp:featuredmedia":[{"embeddable":true,"href":"https:\/\/www.mladibl.com\/index.php?rest_route=\/wp\/v2\/media\/3157"}],"wp:attachment":[{"href":"https:\/\/www.mladibl.com\/index.php?rest_route=%2Fwp%2Fv2%2Fmedia&parent=3156"}],"wp:term":[{"taxonomy":"category","embeddable":true,"href":"https:\/\/www.mladibl.com\/index.php?rest_route=%2Fwp%2Fv2%2Fcategories&post=3156"},{"taxonomy":"post_tag","embeddable":true,"href":"https:\/\/www.mladibl.com\/index.php?rest_route=%2Fwp%2Fv2%2Ftags&post=3156"}],"curies":[{"name":"wp","href":"https:\/\/api.w.org\/{rel}","templated":true}]}}