{"id":3122,"date":"2020-10-02T11:37:03","date_gmt":"2020-10-02T09:37:03","guid":{"rendered":"http:\/\/www.mladibl.com\/?p=3122"},"modified":"2020-10-02T11:37:05","modified_gmt":"2020-10-02T09:37:05","slug":"bloom-poziv-za-ucesnike","status":"publish","type":"post","link":"https:\/\/www.mladibl.com\/?p=3122","title":{"rendered":"BLOOM: Poziv za u\u010desnike"},"content":{"rendered":"\n<p>Agencija za razvoj i saradnju CEREBRA Banja Luka poziva sve zainteresovane mlade iz Banjaluke (I koji su trenutno nastanjeni u Banjaluci) da se prijave na dvodnevnu obuku za edukatore u okviru projekta BLOOM \u2013 Banjalu\u010dka obuka i osna\u017eivanje mladih.<\/p>\n\n\n\n<p>Dvodnevna edukacija bi\u0107e realizovana u naknadno utvr\u0111enom terminu u periodu od 5. do 11. oktobra u prostorijama banjalu\u010dkog Doma omladine.<\/p>\n\n\n\n<p>Edukatori koji pro\u0111u obuku ima\u0107e priliku da kroz realizaciju projekta implementiraju sopstvenu inicijativu i u\u010destvuju u pilotiranju prvog lokalnog Foruma mladih.<\/p>\n\n\n\n<p>Da biste se prijavili neophodno je da po\u0161aljete svoje podatke (ime i prezime, godinu ro\u0111enja, broj telefona i mail adresu) na <strong><a href=\"mailto:milosk@cerebra-ngo.com\" target=\"_blank\" rel=\"noreferrer noopener\" aria-label=\"milosk@cerebra-ngo.com (opens in a new tab)\">milosk@cerebra-ngo.com<\/a><\/strong> najkasnije do 04.10.2020. godine.<\/p>\n\n\n\n<p>Ukoliko imate dodatnih pitanja i nedoumica kontaktirajte nas!<\/p>\n\n\n\n<p>Napomena: Za u\u010desnike programa osigurano je osvje\u017eenje tokom rada i radni materijali. Organizator ne snosi tro\u0161kove boravka\/ no\u0107enja i putne tro\u0161kove.<\/p>\n\n\n\n<p>Projekat BLOOM realizuje se kao inicijativa mladih \u2013 polaznika obuke UMiD (U\u010di, misli, djeluj) koju implementira Institut za razvoj mladih KULT Sarajevo.<\/p>\n\n\n\n<p>Preuzeto sa: <a href=\"http:\/\/www.cerebra-ngo.com\/?p=1062\" target=\"_blank\" rel=\"noreferrer noopener\" aria-label=\"CEREBRA NGO (opens in a new tab)\">CEREBRA NGO<\/a><\/p>\n","protected":false},"excerpt":{"rendered":"<p>Agencija za razvoj i saradnju CEREBRA Banja Luka poziva sve zainteresovane mlade iz Banjaluke (I koji su trenutno nastanjeni u<\/p>\n","protected":false},"author":1,"featured_media":3123,"comment_status":"closed","ping_status":"open","sticky":false,"template":"","format":"standard","meta":{"om_disable_all_campaigns":false,"_monsterinsights_skip_tracking":false,"_monsterinsights_sitenote_active":false,"_monsterinsights_sitenote_note":"","_monsterinsights_sitenote_category":0,"footnotes":""},"categories":[4],"tags":[53,1448,22,1449,1450,33,325],"class_list":["post-3122","post","type-post","status-publish","format-standard","has-post-thumbnail","hentry","category-edukacija","tag-banja-luka","tag-bloom","tag-cerebra","tag-edukatori","tag-facilitatori","tag-mladi","tag-obuka"],"jetpack_featured_media_url":"https:\/\/www.mladibl.com\/wp-content\/uploads\/2020\/10\/BLOOM-Poziv-za-u\u010desnike.png","amp_enabled":true,"_links":{"self":[{"href":"https:\/\/www.mladibl.com\/index.php?rest_route=\/wp\/v2\/posts\/3122","targetHints":{"allow":["GET"]}}],"collection":[{"href":"https:\/\/www.mladibl.com\/index.php?rest_route=\/wp\/v2\/posts"}],"about":[{"href":"https:\/\/www.mladibl.com\/index.php?rest_route=\/wp\/v2\/types\/post"}],"author":[{"embeddable":true,"href":"https:\/\/www.mladibl.com\/index.php?rest_route=\/wp\/v2\/users\/1"}],"replies":[{"embeddable":true,"href":"https:\/\/www.mladibl.com\/index.php?rest_route=%2Fwp%2Fv2%2Fcomments&post=3122"}],"version-history":[{"count":1,"href":"https:\/\/www.mladibl.com\/index.php?rest_route=\/wp\/v2\/posts\/3122\/revisions"}],"predecessor-version":[{"id":3124,"href":"https:\/\/www.mladibl.com\/index.php?rest_route=\/wp\/v2\/posts\/3122\/revisions\/3124"}],"wp:featuredmedia":[{"embeddable":true,"href":"https:\/\/www.mladibl.com\/index.php?rest_route=\/wp\/v2\/media\/3123"}],"wp:attachment":[{"href":"https:\/\/www.mladibl.com\/index.php?rest_route=%2Fwp%2Fv2%2Fmedia&parent=3122"}],"wp:term":[{"taxonomy":"category","embeddable":true,"href":"https:\/\/www.mladibl.com\/index.php?rest_route=%2Fwp%2Fv2%2Fcategories&post=3122"},{"taxonomy":"post_tag","embeddable":true,"href":"https:\/\/www.mladibl.com\/index.php?rest_route=%2Fwp%2Fv2%2Ftags&post=3122"}],"curies":[{"name":"wp","href":"https:\/\/api.w.org\/{rel}","templated":true}]}}