{"id":30954,"date":"2023-05-22T22:22:38","date_gmt":"2023-05-22T20:22:38","guid":{"rendered":"https:\/\/www.mladibl.com\/?p=30954"},"modified":"2023-05-22T23:04:54","modified_gmt":"2023-05-22T21:04:54","slug":"pametno-koristenje-medija-radionica-za-novinare-nastavnike-i-edukatore-koji-rade-sa-djecom","status":"publish","type":"post","link":"https:\/\/www.mladibl.com\/?p=30954","title":{"rendered":"Pametno kori\u0161tenje medija: radionica za novinare, nastavnike i edukatore koji rade sa djecom"},"content":{"rendered":"\n<p>Trening<\/p>\n\n\n\n<p>Sarajevo<\/p>\n\n\n\n<p>Bosnia and Herzegovina<\/p>\n\n\n\n<p><em>Mediacentar Sarajevo i organizacija\u00a0<a href=\"https:\/\/tol.org\/\" target=\"_blank\" rel=\"noreferrer noopener\">Transitions<\/a>\u00a0iz Praga pozivaju medijske profesionalce zainteresirane za rad sa u\u010denicima osnovnih i srednjih \u0161kola da se prijave na edukaciju o pou\u010davanju djece o medijima i novinarskoj profesiji.\u00a0<\/em><\/p>\n\n\n\n<p>Radionica \u0107e biti odr\u017eana&nbsp;<strong>15.6.2023. godine od 09:00 do 16:00, u prostorijama Ameri\u010dkog kutka Sarajevo, Radi\u0107eva 7.<\/strong><\/p>\n\n\n\n<p>Radionica je tako\u0111er namijenjena nastavnicima i neformalnim edukatorima, bibliotekarima, muzejskim edukatorima, koji sa djecom provode ili planiraju provoditi vannastavne aktivnosti ili radionice na temu medija i medijske pismenosti. Imaju\u0107i u vidu interaktivni format radionice, broj u\u010desnika je ograni\u010den, a va\u0161e prijave za u\u010de\u0161\u0107e mo\u017eete dostaviti popunjavanjem formulara na linku\u00a0<a rel=\"noreferrer noopener\" href=\"https:\/\/forms.gle\/VCui2nkAuFgzNKYT6\" target=\"_blank\">OVDJE<\/a><strong> do 11.6.2023..\u00a0<\/strong><\/p>\n\n\n\n<p><a href=\"https:\/\/www.unicef.org\/bih\/media\/5861\/file\/Medijske%20navike%20djece%20i%20stavovi%20roditelja.pdf\" target=\"_blank\" rel=\"noreferrer noopener\">Istra\u017eivanje o medijskim navikama djece u BiH<\/a>\u00a0pokazuje da djeca trebaju po\u010deti u\u010diti o medijima ve\u0107 u pred\u0161kolskom uzrastu, u vrti\u0107u i kod ku\u0107e, te da svako uklju\u010den u proces obrazovanja i odgoja djece ima va\u017enu ulogu u kreiranju na\u010dina kako djeca razumiju medije. Ipak, u\u010denje o medijima nije ograni\u010deno samo na obrazovanje i porodi\u010dne medijske navike, a posebno va\u017enu ulogu imaju i sami mediji, novinari i urednici. Cilj ove edukacije je obu\u010diti zainteresirane novinare i druge edukatore o djelotvornim strategijama za pou\u010davanje djece o medijima, a u\u010desnici \u0107e imati priliku da se upoznaju sa prakti\u010dnim vje\u017ebama na temu medija koje se mogu raditi sa djecom razli\u010ditih uzrasta, te da razmijene iskustva i nau\u010de ne\u0161to vi\u0161e o sli\u010dnostima i razlikama novinarske i nastavni\u010dke profesije.<\/p>\n\n\n\n<p>Medicentar Sarajevo \u0107e nakon obuke organizovati posjete \u0161kolama \u0161irom BiH, a zainteresovani polaznici\/ce \u0107e uz mentorsku podr\u0161ku koordinatorice projekta imati priliku da primijene ste\u010deno znanje u \u0161koli, muzeju, biblioteci ili nekoj drugoj ustanovi gdje djeca\/mladi borave i educiraju se.<\/p>\n\n\n\n<p><strong>Voditeljice obuke:&nbsp;&nbsp;<\/strong>dr.sci. Vesima \u010ci\u010dku\u0161i\u0107, ekspertica za medijsku pismenost i Rubina \u010cengi\u0107, novinarka<\/p>\n\n\n\n<p>Tijekom obuke \u0107e nam se tako\u0111er pridru\u017eiti nastavnici\/e i profesori\/ce iz osnovne i srednje \u0161kole i podijeliti svoje iskustvo u radu sa djecom i mladima ne temu medija i medijske pismenosti.&nbsp;<\/p>\n\n\n\n<p><em>Mediacentar organizuje radionice kroz projekat\u201cPametno kori\u0161tenje medija: izgradnja otpornosti na dezinformacije: program obuke za porodice, nastavnike, novinare i \u0161iru javnost\u201d, kojeg implementira u partnerstvu s organizacijom \u201cTransitions\u201d iz Praga, uz finansijsku podr\u0161ku Programa za promociju tranzicije Vlade Republike \u010ce\u0161ke.<\/em><\/p>\n\n\n\n<p>Preuzeto sa: <a href=\"https:\/\/www.media.ba\/bs\/event\/pametno-koristenje-medija-radionica-za-novinare-nastavnike-i-edukatore-koji-rade-sa-djecom\" target=\"_blank\" rel=\"noreferrer noopener\">media.ba<\/a><\/p>\n","protected":false},"excerpt":{"rendered":"<p>Trening Sarajevo Bosnia and Herzegovina Mediacentar Sarajevo i organizacija\u00a0Transitions\u00a0iz Praga pozivaju medijske profesionalce zainteresirane za rad sa u\u010denicima osnovnih i<\/p>\n","protected":false},"author":1,"featured_media":30948,"comment_status":"closed","ping_status":"open","sticky":false,"template":"","format":"standard","meta":{"om_disable_all_campaigns":false,"_monsterinsights_skip_tracking":false,"_monsterinsights_sitenote_active":false,"_monsterinsights_sitenote_note":"","_monsterinsights_sitenote_category":0,"footnotes":""},"categories":[4,8692],"tags":[1449,5895,247,1184,185,23],"class_list":["post-30954","post","type-post","status-publish","format-standard","has-post-thumbnail","hentry","category-edukacija","category-izdvajamo","tag-edukatori","tag-koristenje","tag-mediji","tag-nastavnici","tag-novinari","tag-radionica"],"jetpack_featured_media_url":"https:\/\/www.mladibl.com\/wp-content\/uploads\/2023\/05\/Pametno-koristenje-medija_-radionica-za-novinare-nastavnike-i-edukatore-koji-rade-sa-djecom.jpg","amp_enabled":true,"_links":{"self":[{"href":"https:\/\/www.mladibl.com\/index.php?rest_route=\/wp\/v2\/posts\/30954","targetHints":{"allow":["GET"]}}],"collection":[{"href":"https:\/\/www.mladibl.com\/index.php?rest_route=\/wp\/v2\/posts"}],"about":[{"href":"https:\/\/www.mladibl.com\/index.php?rest_route=\/wp\/v2\/types\/post"}],"author":[{"embeddable":true,"href":"https:\/\/www.mladibl.com\/index.php?rest_route=\/wp\/v2\/users\/1"}],"replies":[{"embeddable":true,"href":"https:\/\/www.mladibl.com\/index.php?rest_route=%2Fwp%2Fv2%2Fcomments&post=30954"}],"version-history":[{"count":1,"href":"https:\/\/www.mladibl.com\/index.php?rest_route=\/wp\/v2\/posts\/30954\/revisions"}],"predecessor-version":[{"id":30955,"href":"https:\/\/www.mladibl.com\/index.php?rest_route=\/wp\/v2\/posts\/30954\/revisions\/30955"}],"wp:featuredmedia":[{"embeddable":true,"href":"https:\/\/www.mladibl.com\/index.php?rest_route=\/wp\/v2\/media\/30948"}],"wp:attachment":[{"href":"https:\/\/www.mladibl.com\/index.php?rest_route=%2Fwp%2Fv2%2Fmedia&parent=30954"}],"wp:term":[{"taxonomy":"category","embeddable":true,"href":"https:\/\/www.mladibl.com\/index.php?rest_route=%2Fwp%2Fv2%2Fcategories&post=30954"},{"taxonomy":"post_tag","embeddable":true,"href":"https:\/\/www.mladibl.com\/index.php?rest_route=%2Fwp%2Fv2%2Ftags&post=30954"}],"curies":[{"name":"wp","href":"https:\/\/api.w.org\/{rel}","templated":true}]}}