{"id":30921,"date":"2023-05-21T23:49:47","date_gmt":"2023-05-21T21:49:47","guid":{"rendered":"https:\/\/www.mladibl.com\/?p=30921"},"modified":"2023-05-21T23:49:49","modified_gmt":"2023-05-21T21:49:49","slug":"srijedom-na-filozofskom-komunisticka-partija-jugoslavije-i-nacionalno-pitanje","status":"publish","type":"post","link":"https:\/\/www.mladibl.com\/?p=30921","title":{"rendered":"Srijedom na Filozofskom: Komunisti\u010dka partija Jugoslavije i nacionalno pitanje"},"content":{"rendered":"\n<p>U sklopu na\u0161e &#8221;Srijede na Filozofskom&#8221; gost Fakulteta bi\u0107e Stefan Gu\u017evica sa Instituta za filozofiju i dru\u0161tvenu teoriju Univerziteta u Beogradu, koji \u0107e odr\u017eati predavanje Komunisti\u010dka partija Jugoslavije i nacionalno pitanje u srijedu, 24.05. 2023. godine u amfiteatru 203.<\/p>\n\n\n\n<p>Predavanje Stefana Gu\u017evice sa Instituta za filozofiju i dru\u0161tvenu teoriju u Beogradu, uskoro docenta na Odsjeku za istoriju Visoke ekonomske \u0161kole u Sankt Peterburgu, na temu &#8220;Komunisti\u010dka partija Jugoslavije i nacionalno pitanje&#8221;, u organizaciji Filozofskog fakulteta u Banjoj Luci i Arhiva Republike Srpske, bavi\u0107e se razvojem odnosa prema nacionalnom pitanju u okviru KPJ od njenog osnivanja 1919. do po\u010detka rata u Jugoslaviji 1941. godine. Predavanje \u0107e se osvrnuti na tada\u0161nji marksisti\u010dki pogled na nacionalizam kao izraz klasnog nezadovoljstva selja\u010dke ve\u0107ine u Jugoslaviji, koje se postavljalo i kao pitanje rje\u0161avanja problema nerazvijenosti i ekonomske zavisnosti. Ovi faktori bili su klju\u010dni za oblikovanje komunisti\u010dke politike prema nacionalnom pitanju kroz sve njene promjene i zaokrete. Osnovna premisa je preispitivanje centralnosti nacionalnog pitanja za komuniste, te mnogih mitova koji se ve\u017eu za njegovo rje\u0161avanje, a za koje predava\u010d, na osnovu vi\u0161egodi\u0161njih istra\u017eivanja, smatra da proizilaze iz aistorijskog i nenau\u010dnog posmatranja ovog problema u proteklim decenijama.<\/p>\n\n\n\n<p>Dobro do\u0161li!<\/p>\n\n\n\n<p>Preuzeto sa: <a href=\"https:\/\/ff.unibl.org\/sve-novosti\/novost\/954\/srijedom-na-filozofskom-komunisticka-partija-jugoslavije-i-nacionalno-pitanje\" target=\"_blank\" rel=\"noreferrer noopener\">Filozofski fakultet<\/a><\/p>\n","protected":false},"excerpt":{"rendered":"<p>U sklopu na\u0161e &#8221;Srijede na Filozofskom&#8221; gost Fakulteta bi\u0107e Stefan Gu\u017evica sa Instituta za filozofiju i dru\u0161tvenu teoriju Univerziteta u<\/p>\n","protected":false},"author":1,"featured_media":30900,"comment_status":"closed","ping_status":"open","sticky":false,"template":"","format":"standard","meta":{"om_disable_all_campaigns":false,"_monsterinsights_skip_tracking":false,"_monsterinsights_sitenote_active":false,"_monsterinsights_sitenote_note":"","_monsterinsights_sitenote_category":0,"footnotes":""},"categories":[6],"tags":[11318,11317,7109],"class_list":["post-30921","post","type-post","status-publish","format-standard","has-post-thumbnail","hentry","category-dogadjaji","tag-jugoslavija","tag-komunisticka-partija","tag-srijedom-na-filozofskom"],"jetpack_featured_media_url":"https:\/\/www.mladibl.com\/wp-content\/uploads\/2023\/05\/Srijedom-na-Filozofskom_-Komunisticka-partija-Jugoslavije-i-nacionalno-pitanje.jpg","amp_enabled":true,"_links":{"self":[{"href":"https:\/\/www.mladibl.com\/index.php?rest_route=\/wp\/v2\/posts\/30921","targetHints":{"allow":["GET"]}}],"collection":[{"href":"https:\/\/www.mladibl.com\/index.php?rest_route=\/wp\/v2\/posts"}],"about":[{"href":"https:\/\/www.mladibl.com\/index.php?rest_route=\/wp\/v2\/types\/post"}],"author":[{"embeddable":true,"href":"https:\/\/www.mladibl.com\/index.php?rest_route=\/wp\/v2\/users\/1"}],"replies":[{"embeddable":true,"href":"https:\/\/www.mladibl.com\/index.php?rest_route=%2Fwp%2Fv2%2Fcomments&post=30921"}],"version-history":[{"count":1,"href":"https:\/\/www.mladibl.com\/index.php?rest_route=\/wp\/v2\/posts\/30921\/revisions"}],"predecessor-version":[{"id":30922,"href":"https:\/\/www.mladibl.com\/index.php?rest_route=\/wp\/v2\/posts\/30921\/revisions\/30922"}],"wp:featuredmedia":[{"embeddable":true,"href":"https:\/\/www.mladibl.com\/index.php?rest_route=\/wp\/v2\/media\/30900"}],"wp:attachment":[{"href":"https:\/\/www.mladibl.com\/index.php?rest_route=%2Fwp%2Fv2%2Fmedia&parent=30921"}],"wp:term":[{"taxonomy":"category","embeddable":true,"href":"https:\/\/www.mladibl.com\/index.php?rest_route=%2Fwp%2Fv2%2Fcategories&post=30921"},{"taxonomy":"post_tag","embeddable":true,"href":"https:\/\/www.mladibl.com\/index.php?rest_route=%2Fwp%2Fv2%2Ftags&post=30921"}],"curies":[{"name":"wp","href":"https:\/\/api.w.org\/{rel}","templated":true}]}}