{"id":309,"date":"2019-11-12T11:11:37","date_gmt":"2019-11-12T09:11:37","guid":{"rendered":"http:\/\/www.mladibl.com\/?p=309"},"modified":"2019-11-14T11:13:29","modified_gmt":"2019-11-14T09:13:29","slug":"novi-drustveni-dom-na-krcmaricama","status":"publish","type":"post","link":"https:\/\/www.mladibl.com\/?p=309","title":{"rendered":"Novi dru\u0161tveni dom na Kr\u010dmaricama"},"content":{"rendered":"\n<p>Do kraja godine, u gornjem dijelu \u010cesme, odnosno na Kr\u010dmaricama, trebalo bi da bude sagra\u0111en novi objekat dru\u0161tvenog doma, u okviru velike akcije o\u017eivljavanja dru\u0161tvenih sadr\u017eaja na prigradskom i seoskom podru\u010dju.<\/p>\n\n\n\n<p>Postoje\u0107i objekat je dotrajao i u jako lo\u0161em stanju, te je odlu\u010deno da se izgradi novi, zajedni\u010dkim ulaganjem Grada i Razvojnog programa Ujedinjenih nacija (UNDP).<\/p>\n\n\n\n<p>-Radovi uveliko traju i u toku je prva faza, koja podrazumijeva gradnju objekta i stavljanje pod krov \u2013 kazali su iz Odjeljenja za op\u0161tu upravu, koje je koordinator ovog projekta.<\/p>\n\n\n\n<p>Kako su naveli, za drugu fazu radova \u2013 unutra\u0161nje ure\u0111enje i opremanje, planirano je da se sredstva obezbijede naredne godine tako\u0111e u okviru istog projekta.<\/p>\n\n\n\n<p>\u2013Namjera je da mje\u0161tani \u010cesme u novom vi\u0161enamjenskom objektu, u \u010dijoj su blizni mali sportski tereni, dobiju prostor za dru\u0161tvena okupljanja, te za odr\u017eavanje folklornih i drugih sekcija \u2013 zaklju\u010dili su iz odjeljenja.<\/p>\n\n\n\n<p>Mje\u0161tani \u010cesme su pro\u0161le sedmice dobili i teretanu na otvorenom na lokaciji kod fudbalskog igrali\u0161ta.<\/p>\n\n\n\n<p>Projekat \u201eJa\u010danje uloge mjesnih zajednica u BiH\u201c je zajedni\u010dka inicijativa vlada \u0160vajcarske i \u0160vedske, a sprovodi ga UNDP. U ovaj projekat su uklju\u010dene jedinice lokalne samouprave u BiH, a Banja Luka u ovom projektu u\u010destvuje sa \u0161est mjesnih zajednica: Sara\u010dica, Lau\u0161 2, Paprikovac, \u0160argovac, Rosulje i \u010cesma.<\/p>\n\n\n\n<figure class=\"wp-block-image\"><img decoding=\"async\" src=\"http:\/\/www.mladibl.com\/wp-content\/uploads\/2019\/11\/Novi-dru\u0161tveni-dom-na-Kr\u010dmaricama-1024x683.jpg\" alt=\"\" class=\"wp-image-310\"\/><\/figure>\n\n\n\n<p>Preuzeto sa: <a href=\"http:\/\/www.banjaluka.rs.ba\/%d0%bd%d0%be%d0%b2%d0%b8-%d0%b4%d1%80%d1%83%d1%88%d1%82%d0%b2%d0%b5%d0%bd%d0%b8-%d0%b4%d0%be%d0%bc-%d0%bd%d0%b0-%d0%ba%d1%80%d1%87%d0%bc%d0%b0%d1%80%d0%b8%d1%86%d0%b0%d0%bc%d0%b0\/\" target=\"_blank\" rel=\"noreferrer noopener\" aria-label=\"Grad Banja Luka (opens in a new tab)\">Grad Banja Luka<\/a><\/p>\n","protected":false},"excerpt":{"rendered":"<p>Do kraja godine, u gornjem dijelu \u010cesme, odnosno na Kr\u010dmaricama, trebalo bi da bude sagra\u0111en novi objekat dru\u0161tvenog doma, u<\/p>\n","protected":false},"author":1,"featured_media":115,"comment_status":"closed","ping_status":"open","sticky":false,"template":"","format":"standard","meta":{"om_disable_all_campaigns":false,"_monsterinsights_skip_tracking":false,"_monsterinsights_sitenote_active":false,"_monsterinsights_sitenote_note":"","_monsterinsights_sitenote_category":0,"footnotes":""},"categories":[11],"tags":[93,27,94,91],"class_list":["post-309","post","type-post","status-publish","format-standard","has-post-thumbnail","hentry","category-gradbanjaluka","tag-drustveni-dom","tag-grad-banja-luka","tag-krcmarice","tag-undp"],"jetpack_featured_media_url":"https:\/\/www.mladibl.com\/wp-content\/uploads\/2019\/10\/grad-banja-luka.png","amp_enabled":true,"_links":{"self":[{"href":"https:\/\/www.mladibl.com\/index.php?rest_route=\/wp\/v2\/posts\/309","targetHints":{"allow":["GET"]}}],"collection":[{"href":"https:\/\/www.mladibl.com\/index.php?rest_route=\/wp\/v2\/posts"}],"about":[{"href":"https:\/\/www.mladibl.com\/index.php?rest_route=\/wp\/v2\/types\/post"}],"author":[{"embeddable":true,"href":"https:\/\/www.mladibl.com\/index.php?rest_route=\/wp\/v2\/users\/1"}],"replies":[{"embeddable":true,"href":"https:\/\/www.mladibl.com\/index.php?rest_route=%2Fwp%2Fv2%2Fcomments&post=309"}],"version-history":[{"count":1,"href":"https:\/\/www.mladibl.com\/index.php?rest_route=\/wp\/v2\/posts\/309\/revisions"}],"predecessor-version":[{"id":311,"href":"https:\/\/www.mladibl.com\/index.php?rest_route=\/wp\/v2\/posts\/309\/revisions\/311"}],"wp:featuredmedia":[{"embeddable":true,"href":"https:\/\/www.mladibl.com\/index.php?rest_route=\/wp\/v2\/media\/115"}],"wp:attachment":[{"href":"https:\/\/www.mladibl.com\/index.php?rest_route=%2Fwp%2Fv2%2Fmedia&parent=309"}],"wp:term":[{"taxonomy":"category","embeddable":true,"href":"https:\/\/www.mladibl.com\/index.php?rest_route=%2Fwp%2Fv2%2Fcategories&post=309"},{"taxonomy":"post_tag","embeddable":true,"href":"https:\/\/www.mladibl.com\/index.php?rest_route=%2Fwp%2Fv2%2Ftags&post=309"}],"curies":[{"name":"wp","href":"https:\/\/api.w.org\/{rel}","templated":true}]}}