{"id":30830,"date":"2023-05-18T00:05:02","date_gmt":"2023-05-17T22:05:02","guid":{"rendered":"https:\/\/www.mladibl.com\/?p=30830"},"modified":"2023-05-18T00:21:48","modified_gmt":"2023-05-17T22:21:48","slug":"students-for-liberty-postani-lokalni-koordinator","status":"publish","type":"post","link":"https:\/\/www.mladibl.com\/?p=30830","title":{"rendered":"STUDENTS FOR LIBERTY &#8211; postani lokalni koordinator!"},"content":{"rendered":"\n<p>Ima\u0161 li \u017eelju biti promjena koju \u017eeli\u0161 vidjeti u svojoj zajednici? Jesi li zainteresovan za ideje slobode i individualnih prava? Ako je tvoj odgovor DA, onda je Students for Liberty organizacija koja ti pru\u017ea priliku da ostvari\u0161 svoje ambicije!<\/p>\n\n\n\n<p>Ima\u0161 li \u017eelju biti promjena koju \u017eeli\u0161 vidjeti u svojoj zajednici? Jesi li zainteresovan za ideje slobode i individualnih prava? Ako je tvoj odgovor DA, onda je Students for Liberty organizacija koja ti pru\u017ea priliku da ostvari\u0161 svoje ambicije i postane\u0161 lokalni koordinator!<\/p>\n\n\n\n<p>SFL je me\u0111unarodna, neprofitna, studentska organizacija koja okuplja studente cijelog svijeta koji dijele istu strast za slobodom i individualnim pravima \u010dovjeka. Kroz na\u0161 Program lokalnih koordinatora, tra\u017eimo mlade, energi\u010dne i predane studente iz Bosne i Hercegovine koji su spremni preuzeti vo\u0111stvo i promijeniti svijet oko sebe.<\/p>\n\n\n\n<p>Kao lokalni koordinator, ima\u0107ete priliku organizovati doga\u0111aje, debatirati o klju\u010dnim pitanjima slobode, provoditi seminare i kampanje te se anga\u017eovati u zagovaranju principa individualnih prava i sloboda. SFL \u0107e vam pru\u017eiti obuku, podr\u0161ku i resurse kako biste uspje\u0161no provodili svoje inicijative i izgradili sna\u017enu mre\u017eu studenata koji dijele va\u0161e ideale.<\/p>\n\n\n\n<p>Ovaj program je prilika za sticanje neprocjenjivog iskustva u organizovanju, razvijanju liderstva i povezivanju s aktivistima za slobodu iz cijelog svijeta. Ima\u0107ete priliku putovati, sudjelovati na konferencijama i treninzima te se umre\u017eiti s drugim &nbsp;studentima koji dijele va\u0161u strast za slobodom.<\/p>\n\n\n\n<p>Na\u0161i dosada\u0161nji volonteri iz Bosne i Hercegovine imali su nevjerojatno iskustvo putovanja i sudjelovanja na me\u0111unarodnim doga\u0111ajima. Posjetili smo gradove poput Lisabona i Praga na konferenciji LibertyCon, gdje smo se povezali s aktivistima za slobodu iz cijelog svijeta. Tako\u0111er smo sudjelovali u raznim treninzima i radionicama diljem Evrope (ali i \u0161ire) kako bismo stekli nove vje\u0161tine i pro\u0161irili svoje znanje.<\/p>\n\n\n\n<p>Ako ste zainteresirani za postizanje pozitivnih promjena u svojoj zajednici, \u017eelite sticati nova znanja i vje\u0161tine te postati dio globalne mre\u017ee studenata za slobodu,&nbsp;<a href=\"https:\/\/join.studentsforliberty.org\/\">prijavite se<\/a>&nbsp;za ulogu lokalnog koordinatora SFL-a!<\/p>\n\n\n\n<p>Ako jo\u0161 niste sigurni jeste li spremni postati dio Students for Liberty (SFL) zajednice, ne brinite! Imamo sjajnu mogu\u0107nost za vas da ostanete povezani s na\u0161im radom i saznate vi\u0161e o idejama slobode. Mo\u017eete se\u00a0<a href=\"https:\/\/docs.google.com\/forms\/d\/e\/1FAIpQLSfqxn4Y6XqDiUeRahLtKZWx3sMUJst8NxShc6q-0d1nuXbfKQ\/viewform\">prijaviti na na\u0161u mejling listu<\/a>\u00a0kako biste dobili najnovije informacije i vijesti o doga\u0111anjima i inicijativama. Tako\u0111er, pozivamo vas da nas zapratite na Instagramu\u00a0<a href=\"https:\/\/www.instagram.com\/studentsforlibertybh\/\">@studentsforlibertybh<\/a>, gdje \u0107ete prona\u0107i inspirativne sadr\u017eaje,, doga\u0111aje i priliku da se pove\u017eete s drugim istomi\u0161ljenicima. Na taj na\u010din mo\u017eete istra\u017eiti svijet slobode i odlu\u010diti jeste li spremni pridru\u017eiti se na\u0161em timu lokalnih koordinatora i postati vo\u0111a promjena u svojoj zajednici.<\/p>\n\n\n\n<p>Preuzeto sa: <a href=\"https:\/\/lonac.pro\/bs\/students-for-liberty-postani-lokalni-koordinator\" target=\"_blank\" rel=\"noreferrer noopener\">lonac.pro<\/a><\/p>\n","protected":false},"excerpt":{"rendered":"<p>Ima\u0161 li \u017eelju biti promjena koju \u017eeli\u0161 vidjeti u svojoj zajednici? Jesi li zainteresovan za ideje slobode i individualnih prava?<\/p>\n","protected":false},"author":1,"featured_media":30809,"comment_status":"closed","ping_status":"open","sticky":false,"template":"","format":"standard","meta":{"om_disable_all_campaigns":false,"_monsterinsights_skip_tracking":false,"_monsterinsights_sitenote_active":false,"_monsterinsights_sitenote_note":"","_monsterinsights_sitenote_category":0,"footnotes":""},"categories":[8692,370],"tags":[11300,11299],"class_list":["post-30830","post","type-post","status-publish","format-standard","has-post-thumbnail","hentry","category-izdvajamo","category-ostalo","tag-lokalni-koordinator","tag-students-for-liberty"],"jetpack_featured_media_url":"https:\/\/www.mladibl.com\/wp-content\/uploads\/2023\/05\/STUDENTS-FOR-LIBERTY-postani-lokalni-koordinator.jpg","amp_enabled":true,"_links":{"self":[{"href":"https:\/\/www.mladibl.com\/index.php?rest_route=\/wp\/v2\/posts\/30830","targetHints":{"allow":["GET"]}}],"collection":[{"href":"https:\/\/www.mladibl.com\/index.php?rest_route=\/wp\/v2\/posts"}],"about":[{"href":"https:\/\/www.mladibl.com\/index.php?rest_route=\/wp\/v2\/types\/post"}],"author":[{"embeddable":true,"href":"https:\/\/www.mladibl.com\/index.php?rest_route=\/wp\/v2\/users\/1"}],"replies":[{"embeddable":true,"href":"https:\/\/www.mladibl.com\/index.php?rest_route=%2Fwp%2Fv2%2Fcomments&post=30830"}],"version-history":[{"count":1,"href":"https:\/\/www.mladibl.com\/index.php?rest_route=\/wp\/v2\/posts\/30830\/revisions"}],"predecessor-version":[{"id":30831,"href":"https:\/\/www.mladibl.com\/index.php?rest_route=\/wp\/v2\/posts\/30830\/revisions\/30831"}],"wp:featuredmedia":[{"embeddable":true,"href":"https:\/\/www.mladibl.com\/index.php?rest_route=\/wp\/v2\/media\/30809"}],"wp:attachment":[{"href":"https:\/\/www.mladibl.com\/index.php?rest_route=%2Fwp%2Fv2%2Fmedia&parent=30830"}],"wp:term":[{"taxonomy":"category","embeddable":true,"href":"https:\/\/www.mladibl.com\/index.php?rest_route=%2Fwp%2Fv2%2Fcategories&post=30830"},{"taxonomy":"post_tag","embeddable":true,"href":"https:\/\/www.mladibl.com\/index.php?rest_route=%2Fwp%2Fv2%2Ftags&post=30830"}],"curies":[{"name":"wp","href":"https:\/\/api.w.org\/{rel}","templated":true}]}}