{"id":30826,"date":"2023-05-17T23:39:32","date_gmt":"2023-05-17T21:39:32","guid":{"rendered":"https:\/\/www.mladibl.com\/?p=30826"},"modified":"2023-05-17T23:39:34","modified_gmt":"2023-05-17T21:39:34","slug":"radionica-pametni-grad-mogucnost-razvoja-lokalne-zajednice","status":"publish","type":"post","link":"https:\/\/www.mladibl.com\/?p=30826","title":{"rendered":"Radionica: Pametni grad &#8211; Mogu\u0107nost razvoja lokalne zajednice"},"content":{"rendered":"\n<p>Online radionica se organizuje od strane Gradske razvojne agencije Isto\u010dno Sarajevo \u2013 RAIS, partnerske organizacije iz Bosne i Hercegovine koja u\u010destvuje u implementaciji projekta ESMARTCITY.<\/p>\n\n\n\n<p>Opis<\/p>\n\n\n\n<p>Radionica je usmjerena na podizanje nivoa znanja o razvoju, testiranju i procjeni strate\u0161kih intervencija o tome kako pobolj\u0161ati inovacione ekosisteme u lokalnim zajednicama.<\/p>\n\n\n\n<p>U toku odr\u017eavanja radionice, u\u010desnicima \u0107e se prezentovati koncept \u201cPametni Grad\u201d, zatim Preporuke za izmjenu inovacionih lokalnih politika koje su definisane u okviru dokumenta \u201cZeleni Papir\u201d te \u201cPametna rje\u0161enja\u201d koja su implementirana kroz aktivnosti projekta ESMARTCITY, a odnose se na primjenu inovativne tehnologije za pra\u0107enje i u\u0161tedu elektri\u010dne energije na javnoj rasvjeti u op\u0161tini Isto\u010dna Ilid\u017ea.<\/p>\n\n\n\n<p>Ciljna grupa su donosioci odluka (gradona\u010delnici i na\u010delnici Gradova i Op\u0161tina\/Op\u0107ina).<\/p>\n\n\n\n<p>Za\u0161to u\u010destvovati?<\/p>\n\n\n\n<p>U\u010desnici \u0107e imati priliku da unaprijede znanja o mogu\u0107im tehnolo\u0161kim i \u201csmart\u201d rje\u0161enjima za razvoj op\u0161tina i gradova, koja \u0107e mo\u0107i primijeniti u svojim lokalnim zajednicama.<\/p>\n\n\n\n<p>Termin odr\u017eavanja<\/p>\n\n\n\n<p>Radionica \u0107e se odr\u017eati 17. Juna 2020. god. sa po\u010detkom od 10:00 \u010dasova.<\/p>\n\n\n\n<p>Na\u010din odra\u017eavanja<\/p>\n\n\n\n<p>Donosiocima odluka \u0107e biti omogu\u0107eno u\u010de\u0161\u0107e na online radionici putem Internet platforme Zoom. Link za uklju\u010denje \u0107e biti poslat naknadno putem e-maila.<\/p>\n\n\n\n<p>Dodatne informacije<\/p>\n\n\n\n<p>Telefon: +38757\/342-636<\/p>\n\n\n\n<p>E-mail: <strong><a href=\"mailto:bojan.okuka@rais.rs.ba\" target=\"_blank\" rel=\"noreferrer noopener\">bojan.okuka@rais.rs.ba<\/a><\/strong> <strong><a href=\"mailto:adrijana.rac@rais.rs.ba\" target=\"_blank\" rel=\"noreferrer noopener\">adrijana.rac@rais.rs.ba<\/a><\/strong><\/p>\n\n\n\n<p>Preuzeto sa: <a href=\"https:\/\/www.hocu.ba\/indexphp\/hocupriliku\/pametni-grad-mogucnost-razvoja-lokalne-zajednice\/\" target=\"_blank\" rel=\"noreferrer noopener\">hocu.ba<\/a><\/p>\n","protected":false},"excerpt":{"rendered":"<p>Online radionica se organizuje od strane Gradske razvojne agencije Isto\u010dno Sarajevo \u2013 RAIS, partnerske organizacije iz Bosne i Hercegovine koja<\/p>\n","protected":false},"author":1,"featured_media":30811,"comment_status":"closed","ping_status":"open","sticky":false,"template":"","format":"standard","meta":{"om_disable_all_campaigns":false,"_monsterinsights_skip_tracking":false,"_monsterinsights_sitenote_active":false,"_monsterinsights_sitenote_note":"","_monsterinsights_sitenote_category":0,"footnotes":""},"categories":[6],"tags":[831,23],"class_list":["post-30826","post","type-post","status-publish","format-standard","has-post-thumbnail","hentry","category-dogadjaji","tag-pametni-grad","tag-radionica"],"jetpack_featured_media_url":"https:\/\/www.mladibl.com\/wp-content\/uploads\/2023\/05\/PAMETNI-GRAD\u2013MOGUCNOST-RAZVOJA-LOKALNE-ZAJEDNICE.jpg","amp_enabled":true,"_links":{"self":[{"href":"https:\/\/www.mladibl.com\/index.php?rest_route=\/wp\/v2\/posts\/30826","targetHints":{"allow":["GET"]}}],"collection":[{"href":"https:\/\/www.mladibl.com\/index.php?rest_route=\/wp\/v2\/posts"}],"about":[{"href":"https:\/\/www.mladibl.com\/index.php?rest_route=\/wp\/v2\/types\/post"}],"author":[{"embeddable":true,"href":"https:\/\/www.mladibl.com\/index.php?rest_route=\/wp\/v2\/users\/1"}],"replies":[{"embeddable":true,"href":"https:\/\/www.mladibl.com\/index.php?rest_route=%2Fwp%2Fv2%2Fcomments&post=30826"}],"version-history":[{"count":1,"href":"https:\/\/www.mladibl.com\/index.php?rest_route=\/wp\/v2\/posts\/30826\/revisions"}],"predecessor-version":[{"id":30827,"href":"https:\/\/www.mladibl.com\/index.php?rest_route=\/wp\/v2\/posts\/30826\/revisions\/30827"}],"wp:featuredmedia":[{"embeddable":true,"href":"https:\/\/www.mladibl.com\/index.php?rest_route=\/wp\/v2\/media\/30811"}],"wp:attachment":[{"href":"https:\/\/www.mladibl.com\/index.php?rest_route=%2Fwp%2Fv2%2Fmedia&parent=30826"}],"wp:term":[{"taxonomy":"category","embeddable":true,"href":"https:\/\/www.mladibl.com\/index.php?rest_route=%2Fwp%2Fv2%2Fcategories&post=30826"},{"taxonomy":"post_tag","embeddable":true,"href":"https:\/\/www.mladibl.com\/index.php?rest_route=%2Fwp%2Fv2%2Ftags&post=30826"}],"curies":[{"name":"wp","href":"https:\/\/api.w.org\/{rel}","templated":true}]}}