{"id":30824,"date":"2023-05-17T23:37:13","date_gmt":"2023-05-17T21:37:13","guid":{"rendered":"https:\/\/www.mladibl.com\/?p=30824"},"modified":"2023-05-17T23:37:15","modified_gmt":"2023-05-17T21:37:15","slug":"proactive-world-cafe-radionice-nauka-mediji-kreativa-i-zabava","status":"publish","type":"post","link":"https:\/\/www.mladibl.com\/?p=30824","title":{"rendered":"PROACTIVE World cafe radionice: nauka, mediji, kreativa i zabava"},"content":{"rendered":"\n<p>Kroz panel diskusije i PROACTIVE World Cafe radionice ovogodi\u0161nja konferencija, zakazana za 25 \u2013 27. maj na Jahorini, \u0107e se baviti zna\u010dajem nauke, nau\u010dne i medijske pismenosti, medijskim sadr\u017eajima i platformama, kreativnim metodologijama i alatima, i drugim va\u017enim komunikacijskim i dru\u0161tvenim temama.<\/p>\n\n\n\n<p>S ponosom najavljujemo PROACTIVE World Cafe u kom \u0107e u\u010desnike i u\u010desnice voditi Nata\u0161a Kilibarda kroz temu: Nau\u010dna pismenost \u2013 akademska privilegija ili pravo svih?, Dajana \u0160ipraga Zlojutro s temom o toksi\u010dnosti uspjeha i filtera na dru\u0161tvenim mre\u017eama te kako sa\u010duvati mentalno zdravlje, Sla\u0111an Tomi\u0107 s kojim \u0107e diskutovati da li je TikTok prilika za novinare\/ke i plasiranje provjerenih sadr\u017eaja. Ko danas proizvodi vijesti i gdje da ih plasiramo odgovore \u0107e tra\u017eiti s Robertom \u010cobanom, s Nerminom Zejnilovi\u0107em diskutovati je li vje\u0161ta\u010dka inteligencija alat ili konkurencija,a Milo\u0161 \u0110aji\u0107 \u0107e moderirati sesiju kako do dru\u0161tvenih promjena.<\/p>\n\n\n\n<p>PROACTIVE 2023 je regionalna konferencija o komunikacijama koja ve\u0107 18 godina, od 2005., okuplja stru\u010dnjake i stru\u010dnjakinje iz Slovenije, Hrvatske, Bosne i Hercegovine, Srbije, Crne Gore, Sjeverne Makedonije i Evrope. Namijenjen je svima koji dolaze iz komunikacijske prakse korporacija, institucija, organizacija kao i osobama iz medija, menad\u017ementa i ljudskih resursa. Ukratko, svi kojima su odnosi s ljudima i komunikacija u opisu posla.<\/p>\n\n\n\n<p>Ovogodi\u0161nje izdanje \u0107e staviti fokus na ulogu i odgovornost komunikacijskih praksi u odr\u017eivom razvoju te pove\u0107anju pismenosti \u2013 bazi\u010dne, medijske, nau\u010dne i informacione. PRoWoke&amp;Change, provocirati, probuditi i promijeniti, slogan je pod kojim \u0107e razvoju industrije doprinijeti oni koji o njoj najvi\u0161e znaju: prakti\u010dari.<\/p>\n\n\n\n<p>PROACTIVE, regionalna konferencija posve\u0107ena odnosima s javno\u0161\u0107u i komunikacijama, odr\u017ea\u0107e se od 25 \u2013 27. maja 2023. godine na Jahorini, u hotelu Rajska dolina.<\/p>\n\n\n\n<p>Preuzeto sa: <a href=\"https:\/\/www.hocu.ba\/indexphp\/hocupriliku\/proactive-world-cafe-radionice-nauka-mediji-kreativa-i-zabava\/\" target=\"_blank\" rel=\"noreferrer noopener\">hocu.ba<\/a><\/p>\n","protected":false},"excerpt":{"rendered":"<p>Kroz panel diskusije i PROACTIVE World Cafe radionice ovogodi\u0161nja konferencija, zakazana za 25 \u2013 27. maj na Jahorini, \u0107e se<\/p>\n","protected":false},"author":1,"featured_media":30812,"comment_status":"closed","ping_status":"open","sticky":false,"template":"","format":"standard","meta":{"om_disable_all_campaigns":false,"_monsterinsights_skip_tracking":false,"_monsterinsights_sitenote_active":false,"_monsterinsights_sitenote_note":"","_monsterinsights_sitenote_category":0,"footnotes":""},"categories":[4],"tags":[247,48,11180,11295,5681],"class_list":["post-30824","post","type-post","status-publish","format-standard","has-post-thumbnail","hentry","category-edukacija","tag-mediji","tag-nauka","tag-proactive","tag-world-cafe","tag-zabava"],"jetpack_featured_media_url":"https:\/\/www.mladibl.com\/wp-content\/uploads\/2023\/05\/PROACTIVE-WORLD-CAFE-RADIONICE_-NAUKA-MEDIJI-KREATIVA-I-ZABAVA.jpg","amp_enabled":true,"_links":{"self":[{"href":"https:\/\/www.mladibl.com\/index.php?rest_route=\/wp\/v2\/posts\/30824","targetHints":{"allow":["GET"]}}],"collection":[{"href":"https:\/\/www.mladibl.com\/index.php?rest_route=\/wp\/v2\/posts"}],"about":[{"href":"https:\/\/www.mladibl.com\/index.php?rest_route=\/wp\/v2\/types\/post"}],"author":[{"embeddable":true,"href":"https:\/\/www.mladibl.com\/index.php?rest_route=\/wp\/v2\/users\/1"}],"replies":[{"embeddable":true,"href":"https:\/\/www.mladibl.com\/index.php?rest_route=%2Fwp%2Fv2%2Fcomments&post=30824"}],"version-history":[{"count":1,"href":"https:\/\/www.mladibl.com\/index.php?rest_route=\/wp\/v2\/posts\/30824\/revisions"}],"predecessor-version":[{"id":30825,"href":"https:\/\/www.mladibl.com\/index.php?rest_route=\/wp\/v2\/posts\/30824\/revisions\/30825"}],"wp:featuredmedia":[{"embeddable":true,"href":"https:\/\/www.mladibl.com\/index.php?rest_route=\/wp\/v2\/media\/30812"}],"wp:attachment":[{"href":"https:\/\/www.mladibl.com\/index.php?rest_route=%2Fwp%2Fv2%2Fmedia&parent=30824"}],"wp:term":[{"taxonomy":"category","embeddable":true,"href":"https:\/\/www.mladibl.com\/index.php?rest_route=%2Fwp%2Fv2%2Fcategories&post=30824"},{"taxonomy":"post_tag","embeddable":true,"href":"https:\/\/www.mladibl.com\/index.php?rest_route=%2Fwp%2Fv2%2Ftags&post=30824"}],"curies":[{"name":"wp","href":"https:\/\/api.w.org\/{rel}","templated":true}]}}