{"id":30818,"date":"2023-05-17T23:31:32","date_gmt":"2023-05-17T21:31:32","guid":{"rendered":"https:\/\/www.mladibl.com\/?p=30818"},"modified":"2023-05-17T23:31:34","modified_gmt":"2023-05-17T21:31:34","slug":"ljeto-pocinje-na-nektar-garden-festu-u-prijedoru","status":"publish","type":"post","link":"https:\/\/www.mladibl.com\/?p=30818","title":{"rendered":"Ljeto po\u010dinje na &#8220;Nektar Garden Festu&#8221; u Prijedoru"},"content":{"rendered":"\n<p>Tre\u0107i po redu \u201cNektar Garden Fest\u201d u Prijedoru odr\u017ea\u0107e se 30.juna i 1. jula. Na velikoj bini Ljetne ba\u0161te u srcu grada i ove godine \u010dekaju vas brojni izvo\u0111a\u010di i najzvu\u010dnija doma\u0107a i regionalna imena.<\/p>\n\n\n\n<p>Prvog dana festivala, u petak 30.juna u Ljetnoj ba\u0161ti fantasti\u010dnu svirku garantuje grupa Sinhro. Iste ve\u010deri temperaturu \u0107e podi\u0107i i jedan od najpoznatijih regionalnih punk rock sastava \u201cPsihomodo Pop\u201d, koji se nakon nekoliko godina vra\u0107a u Prijedor.<\/p>\n\n\n\n<p>Za istinski muzi\u010dki spektakl zadu\u017een je punk folk wellness petorka Brkovi, koji su \u010desti gosti u gradu na Sani. Uz njihove najve\u0107e hitove bi\u0107e to prilika da publika \u010duje i pjesme sa novog albuma \u201eKrvava nov\u010danica\u201c. Nasljednik izdanja \u201eBrkovi su da se vole\u201c prvi je materijal koji je bend snimio sa dva nova \u010dlana, gitaristima Alenom Vlajni\u0107em \u2013 Talentinom i Igorom Paspaljem iz Prijedora, gitaristom 2020.godine po izboru magazina \u201cGuitar World\u201d.<\/p>\n\n\n\n<p>Ove godine ljubitelji starog dobrog roka ima\u0107e priliku da \u010duju pionira sarajevskog Novog primitivizma, Dr Neleta Karajli\u0107a, poznatog po bezvremenskim hitovima poput &#8220;Bos ili had\u017eija&#8221; i &#8220;Nedelja kad je oti\u0161&#8217;o Hase&#8221;.<\/p>\n\n\n\n<p>U subotu 1.jula, drugog dana festivala, svira\u0107e lokalni alternativni bend \u201cEho Radar\u201d. Iste ve\u010deri nastupi\u0107e i bend Ni\u010dim Izazvan, koji je nedavno izbacio \u010detvrti studijski album\u201dIdu godine\u201d . Dobitnici MTV nagrade i predvodnici moderne balkanske pop-rock scene pro\u0161le godine obilje\u017eili su deset godina rada, a sigurni smo da \u0107e nam uljep\u0161ati ovo ljeto, nezaboravnim koncertom u Ljetnoj ba\u0161ti.<\/p>\n\n\n\n<p>Publiku u Prijedoru \u0107e raspjevati i sjajni Neno Belan i njegovi Fiumensi, sa kojima je nedavno obilje\u017eio 25 godina uspje\u0161ne karijere.<\/p>\n\n\n\n<p>\u201cNektar Garden Fest\u201d ove godine dovodi i \u201cJaha\u010de magle\u201d sa gotovo 40 godina bogatom karijerom, rock velikane Bajagu i Instruktore. Neka nam \u017eivot bude \u017eut, a ne siv uz Bajagine stare i nove hitove, koje \u0107e publika imati priliku \u010duti 1.jula.<\/p>\n\n\n\n<p>Ulaznice za \u201cNektar Garden Fest\u201d su u prodaji preko prodajnog servisa Gigstix.ba i na prodajnim mjestima Gigstixa. Promotivna cijena jednodnevne ulaznice je 15 KM, a dvodnevne 25 KM. Za vi\u0161e informacija pratite nas na Facebook i Instagram stranicama festivala.<\/p>\n\n\n\n<p>Okupite ekipu, posjetite \u201cNektar Garden Fest\u201d u Prijedoru i do\u017eivite najbolje momente va\u0161eg ljeta. Zakora\u010di u ba\u0161tu najboljeg ljetnog provoda!<\/p>\n\n\n\n<p>Izvor: Saop\u0161tenje<\/p>\n","protected":false},"excerpt":{"rendered":"<p>Tre\u0107i po redu \u201cNektar Garden Fest\u201d u Prijedoru odr\u017ea\u0107e se 30.juna i 1. jula. Na velikoj bini Ljetne ba\u0161te u<\/p>\n","protected":false},"author":1,"featured_media":30815,"comment_status":"closed","ping_status":"open","sticky":false,"template":"","format":"standard","meta":{"om_disable_all_campaigns":false,"_monsterinsights_skip_tracking":false,"_monsterinsights_sitenote_active":false,"_monsterinsights_sitenote_note":"","_monsterinsights_sitenote_category":0,"footnotes":""},"categories":[2],"tags":[11293,1436],"class_list":["post-30818","post","type-post","status-publish","format-standard","has-post-thumbnail","hentry","category-vijesti","tag-nektar-garden-fest","tag-prijedor"],"jetpack_featured_media_url":"https:\/\/www.mladibl.com\/wp-content\/uploads\/2023\/05\/LJETO-POCINJE-NA-NEKTAR-GARDEN-FESTU-U-PRIJEDORU.jpg","amp_enabled":true,"_links":{"self":[{"href":"https:\/\/www.mladibl.com\/index.php?rest_route=\/wp\/v2\/posts\/30818","targetHints":{"allow":["GET"]}}],"collection":[{"href":"https:\/\/www.mladibl.com\/index.php?rest_route=\/wp\/v2\/posts"}],"about":[{"href":"https:\/\/www.mladibl.com\/index.php?rest_route=\/wp\/v2\/types\/post"}],"author":[{"embeddable":true,"href":"https:\/\/www.mladibl.com\/index.php?rest_route=\/wp\/v2\/users\/1"}],"replies":[{"embeddable":true,"href":"https:\/\/www.mladibl.com\/index.php?rest_route=%2Fwp%2Fv2%2Fcomments&post=30818"}],"version-history":[{"count":1,"href":"https:\/\/www.mladibl.com\/index.php?rest_route=\/wp\/v2\/posts\/30818\/revisions"}],"predecessor-version":[{"id":30819,"href":"https:\/\/www.mladibl.com\/index.php?rest_route=\/wp\/v2\/posts\/30818\/revisions\/30819"}],"wp:featuredmedia":[{"embeddable":true,"href":"https:\/\/www.mladibl.com\/index.php?rest_route=\/wp\/v2\/media\/30815"}],"wp:attachment":[{"href":"https:\/\/www.mladibl.com\/index.php?rest_route=%2Fwp%2Fv2%2Fmedia&parent=30818"}],"wp:term":[{"taxonomy":"category","embeddable":true,"href":"https:\/\/www.mladibl.com\/index.php?rest_route=%2Fwp%2Fv2%2Fcategories&post=30818"},{"taxonomy":"post_tag","embeddable":true,"href":"https:\/\/www.mladibl.com\/index.php?rest_route=%2Fwp%2Fv2%2Ftags&post=30818"}],"curies":[{"name":"wp","href":"https:\/\/api.w.org\/{rel}","templated":true}]}}