{"id":30777,"date":"2023-05-16T23:00:08","date_gmt":"2023-05-16T21:00:08","guid":{"rendered":"https:\/\/www.mladibl.com\/?p=30777"},"modified":"2023-05-16T23:07:03","modified_gmt":"2023-05-16T21:07:03","slug":"prijavi-se-na-youth-activism-camp","status":"publish","type":"post","link":"https:\/\/www.mladibl.com\/?p=30777","title":{"rendered":"PRIJAVI SE NA YOUth ACTivism CAMP"},"content":{"rendered":"\n<p>Centar za edukaciju mladih u partnerstvu sa IOGT \u00b7 NTO MOVEMENT, organizuje ljetni kamp YOUth ACTivism Camp, za mlade uzrasta od 16 do 22 godine.<\/p>\n\n\n\n<p><strong>O \u010demu se radi?<\/strong><\/p>\n\n\n\n<p>Ako\u2026<\/p>\n\n\n\n<ul class=\"wp-block-list\">\n<li>\u2026se \u017eeli\u0161 aktivirati i unaprijediti svoju zajednicu?<\/li>\n\n\n\n<li>\u2026ne \u017eeli\u0161 \u010dekati promjenu, \u017eeli\u0161 biti promjena?<\/li>\n\n\n\n<li>\u2026ima\u0161 energiju i vjeruje\u0161 da mo\u017ee\u0161 mijenjati svijet?<\/li>\n\n\n\n<li>\u2026\u017eeli\u0161 postati uzor mladima u svojoj zajednici?<\/li>\n\n\n\n<li>\u2026se \u017eeli\u0161 dru\u017eiti sa mladima iz cijele BiH na super edukativnom i zabavnom ljetnom kampu na Vla\u0161i\u0107u?<\/li>\n<\/ul>\n\n\n\n<p>Onda je YOUth ACTivism Camp prava stvar za tebe! Radi se o programu koji \u0107e te, kroz zanimljive, interaktivne i edukativne radionice osna\u017eiti da postane\u0161 mladi lider koji u svojoj zajednici zagovara zdravo i sigurno okru\u017eenje za djecu i mlade. Imat \u0107e\u0161 priliku realizovati i pravi projekat u svom gradu.<\/p>\n\n\n\n<p>A tu su, naravno i aktivnosti na kampu kroz koje \u0107e\u0161 se odli\u010dno zabaviti sa mladima iz cijele BiH, pa \u0107ete postati pravi tim.<\/p>\n\n\n\n<p><strong>\u010cime se bavimo na kampu?<\/strong><\/p>\n\n\n\n<p>Neke od tema sa kojima \u0107e\u0161 se, kroz neformalnu edukaciju, upoznati na kampu su: liderstvo i aktivizam, komunikacija i aktivno slu\u0161anje, rje\u0161avanje konflikta, pisanje projekata, kreiranje zdravog i sigurnog okru\u017eenja i mnoge druge teme koje \u0107e te osna\u017eiti da postane\u0161 pravi lider u svojoj zajednici.<\/p>\n\n\n\n<p>A izme\u0111u edukativnih sesija zabavit \u0107e\u0161 se uz planinarenje, lov na blago, sportske aktivnosti, \u0161etnje, orijentaciju u prirodi i jo\u0161 mnogo toga.<\/p>\n\n\n\n<p><strong>Gdje i kad se kamp odr\u017eava?<\/strong><\/p>\n\n\n\n<p>Kamp se odr\u017eava na Vla\u0161i\u0107u od 12.06.2023. do 17.06.2023. godine.<\/p>\n\n\n\n<p><strong>Centar za edukaciju mladih u partnerstvu sa IOGT \u00b7 NTO MOVEMENT snosi tro\u0161kove organizacije kampa, smje\u0161taja, hrane i prijevoza svim u\u010desnicima.<\/strong><\/p>\n\n\n\n<p><strong>Kako se prijaviti?<\/strong><\/p>\n\n\n\n<p>Ako si ve\u0107 100% siguran\/a da \u017eeli\u0161 biti dio ovog kampa, popuni\u00a0<a href=\"https:\/\/forms.gle\/xjbJLNzLHhfduVk98\" target=\"_blank\" rel=\"noreferrer noopener\"><strong>prijavni obrazac<\/strong><\/a>, a ako ti treba vi\u0161e informacija, klikni na ovaj\u00a0<strong><a href=\"https:\/\/cem.ba\/youth-activism\/#1614082526989-c2415cef-5e67\" target=\"_blank\" rel=\"noreferrer noopener\">link<\/a>\u00a0<\/strong>javi nam se putem email adrese\u00a0you.act@cem.ba\u00a0, Facebook stranice\u00a0<a href=\"https:\/\/www.facebook.com\/cemtravnik\">Centar za edukaciju mladih \u2013 CEM<\/a>\u00a0ili Instagram profila\u00a0<a href=\"https:\/\/www.instagram.com\/cem_travnik\/\">cem_travnik<\/a>.<\/p>\n\n\n\n<p>Prijaviti se mo\u017ee\u0161 do 31.05.2023. godine do 23:59.<\/p>\n\n\n\n<p><strong>I jo\u0161 ne\u0161to!<\/strong><\/p>\n\n\n\n<p>Na tvom putu kroz ovaj kamp podr\u0161ka \u0107e ti biti profesionalni i certificirani treneri Centra za edukaciju mladih, koji \u0107e ti prenijeti svoje znanje na interaktivnim edukativnim sesijama, na kojima \u0107e\u0161 mo\u0107i vje\u017ebati sve ono \u0161to bude\u0161 u\u010dio\/la. Mo\u0107i \u0107e\u0161 i grije\u0161iti, jer u iskustvenom u\u010denju, na kojem je zasnovan ovaj program, gre\u0161ke nisu neuspjeh nego sastavni dio procesa u\u010denja i usvajanja novih vje\u0161tina. Ne propusti ovu priliku, prijavi se i poka\u017ei da si upravo ti promjena koja treba tvom gradu i koja \u0107e doprinositi kreiranju zdravog i sigurnog okru\u017eenja za djecu i mlade.<\/p>\n\n\n\n<p>Preuzeto sa: <a href=\"https:\/\/www.hocu.ba\/indexphp\/hocupriliku\/prijavi-se-na-youth-activism-camp\/\" target=\"_blank\" rel=\"noreferrer noopener\">hocu.ba<\/a><\/p>\n","protected":false},"excerpt":{"rendered":"<p>Centar za edukaciju mladih u partnerstvu sa IOGT \u00b7 NTO MOVEMENT, organizuje ljetni kamp YOUth ACTivism Camp, za mlade uzrasta<\/p>\n","protected":false},"author":1,"featured_media":30768,"comment_status":"closed","ping_status":"open","sticky":false,"template":"","format":"standard","meta":{"om_disable_all_campaigns":false,"_monsterinsights_skip_tracking":false,"_monsterinsights_sitenote_active":false,"_monsterinsights_sitenote_note":"","_monsterinsights_sitenote_category":0,"footnotes":""},"categories":[4],"tags":[3903,33,3245],"class_list":["post-30777","post","type-post","status-publish","format-standard","has-post-thumbnail","hentry","category-edukacija","tag-camp","tag-mladi","tag-youth-activism"],"jetpack_featured_media_url":"https:\/\/www.mladibl.com\/wp-content\/uploads\/2023\/05\/PRIJAVI-SE-NA-YOUth-ACTivism-CAMP.jpg","amp_enabled":true,"_links":{"self":[{"href":"https:\/\/www.mladibl.com\/index.php?rest_route=\/wp\/v2\/posts\/30777","targetHints":{"allow":["GET"]}}],"collection":[{"href":"https:\/\/www.mladibl.com\/index.php?rest_route=\/wp\/v2\/posts"}],"about":[{"href":"https:\/\/www.mladibl.com\/index.php?rest_route=\/wp\/v2\/types\/post"}],"author":[{"embeddable":true,"href":"https:\/\/www.mladibl.com\/index.php?rest_route=\/wp\/v2\/users\/1"}],"replies":[{"embeddable":true,"href":"https:\/\/www.mladibl.com\/index.php?rest_route=%2Fwp%2Fv2%2Fcomments&post=30777"}],"version-history":[{"count":1,"href":"https:\/\/www.mladibl.com\/index.php?rest_route=\/wp\/v2\/posts\/30777\/revisions"}],"predecessor-version":[{"id":30778,"href":"https:\/\/www.mladibl.com\/index.php?rest_route=\/wp\/v2\/posts\/30777\/revisions\/30778"}],"wp:featuredmedia":[{"embeddable":true,"href":"https:\/\/www.mladibl.com\/index.php?rest_route=\/wp\/v2\/media\/30768"}],"wp:attachment":[{"href":"https:\/\/www.mladibl.com\/index.php?rest_route=%2Fwp%2Fv2%2Fmedia&parent=30777"}],"wp:term":[{"taxonomy":"category","embeddable":true,"href":"https:\/\/www.mladibl.com\/index.php?rest_route=%2Fwp%2Fv2%2Fcategories&post=30777"},{"taxonomy":"post_tag","embeddable":true,"href":"https:\/\/www.mladibl.com\/index.php?rest_route=%2Fwp%2Fv2%2Ftags&post=30777"}],"curies":[{"name":"wp","href":"https:\/\/api.w.org\/{rel}","templated":true}]}}