{"id":30775,"date":"2023-05-16T22:58:13","date_gmt":"2023-05-16T20:58:13","guid":{"rendered":"https:\/\/www.mladibl.com\/?p=30775"},"modified":"2023-05-16T22:58:14","modified_gmt":"2023-05-16T20:58:14","slug":"najavljeno-predstavljanje-studenti-etf-a-iz-banjaluke-napravili-prvi-cip-u-bih","status":"publish","type":"post","link":"https:\/\/www.mladibl.com\/?p=30775","title":{"rendered":"Najavljeno predstavljanje: Studenti ETF-a iz Banjaluke napravili prvi \u010dip u BiH"},"content":{"rendered":"\n<p>Studenti Elektrotehi\u010dkog fakulteta izradili su prvi \u010dip u Bosni i Hercegovini.<\/p>\n\n\n\n<p>U pitanju je CMOS poluprovodni\u010dka tehnologija koja, kako navode z ETF-a, predstavlja najsofisticiraniji tehnolo\u0161ki proces komercijalno dostupan na planeti, a realizacija ovakvih \u010dipova se, uslijed visoke cijene, skupih alata i kompleksnosti, na svjetskim univerzitetima naj\u010de\u0161\u0107e radi u sklopu doktorskih studija.<\/p>\n\n\n\n<p>&#8220;Na na\u0161em fakultetu ovladavanje ovom tehnologijom postignuto je sa dva tima studenata tre\u0107e godine osnovnih studija smjera Elektronika&#8221;, saop\u0161teno je iz Elektrotehi\u010dkog fakulteta.<\/p>\n\n\n\n<p>Javno predstavljanje prvog \u010dipa ikada realizovanog u BiH najavljeno je za \u010detvrtak, 18. maja u 10.00 \u010dasova.<\/p>\n\n\n\n<p>&#8220;Ovom prilikom predstavi\u0107e se i mogu\u0107nosti za studente u domenu razvoja \u010dipova u okviru kompanija, kao i iskustva biv\u0161ih studenata koji sada rade na razvoju \u010dipova&#8221;, navode iz ETF-a.<\/p>\n\n\n\n<p>(Mondo)<\/p>\n\n\n\n<p>Preuzeto sa: <a href=\"https:\/\/mondo.ba\/Info\/Drustvo\/a1220333\/Studenti-Elektrotehickog-fakulteta-izradili-su-prvi-cip-u-BiH.html\" target=\"_blank\" rel=\"noreferrer noopener\">mondo.ba<\/a><\/p>\n","protected":false},"excerpt":{"rendered":"<p>Studenti Elektrotehi\u010dkog fakulteta izradili su prvi \u010dip u Bosni i Hercegovini. U pitanju je CMOS poluprovodni\u010dka tehnologija koja, kako navode<\/p>\n","protected":false},"author":1,"featured_media":30769,"comment_status":"closed","ping_status":"open","sticky":false,"template":"","format":"standard","meta":{"om_disable_all_campaigns":false,"_monsterinsights_skip_tracking":false,"_monsterinsights_sitenote_active":false,"_monsterinsights_sitenote_note":"","_monsterinsights_sitenote_category":0,"footnotes":""},"categories":[2],"tags":[11281,6306,62],"class_list":["post-30775","post","type-post","status-publish","format-standard","has-post-thumbnail","hentry","category-vijesti","tag-cip","tag-elektrotehnicki-fakultet","tag-studenti"],"jetpack_featured_media_url":"https:\/\/www.mladibl.com\/wp-content\/uploads\/2023\/05\/Najavljeno-predstavljanje_-Studenti-ETF-a-iz-Banjaluke-napravili-prvi-cip-u-BiH.jpg","amp_enabled":true,"_links":{"self":[{"href":"https:\/\/www.mladibl.com\/index.php?rest_route=\/wp\/v2\/posts\/30775","targetHints":{"allow":["GET"]}}],"collection":[{"href":"https:\/\/www.mladibl.com\/index.php?rest_route=\/wp\/v2\/posts"}],"about":[{"href":"https:\/\/www.mladibl.com\/index.php?rest_route=\/wp\/v2\/types\/post"}],"author":[{"embeddable":true,"href":"https:\/\/www.mladibl.com\/index.php?rest_route=\/wp\/v2\/users\/1"}],"replies":[{"embeddable":true,"href":"https:\/\/www.mladibl.com\/index.php?rest_route=%2Fwp%2Fv2%2Fcomments&post=30775"}],"version-history":[{"count":1,"href":"https:\/\/www.mladibl.com\/index.php?rest_route=\/wp\/v2\/posts\/30775\/revisions"}],"predecessor-version":[{"id":30776,"href":"https:\/\/www.mladibl.com\/index.php?rest_route=\/wp\/v2\/posts\/30775\/revisions\/30776"}],"wp:featuredmedia":[{"embeddable":true,"href":"https:\/\/www.mladibl.com\/index.php?rest_route=\/wp\/v2\/media\/30769"}],"wp:attachment":[{"href":"https:\/\/www.mladibl.com\/index.php?rest_route=%2Fwp%2Fv2%2Fmedia&parent=30775"}],"wp:term":[{"taxonomy":"category","embeddable":true,"href":"https:\/\/www.mladibl.com\/index.php?rest_route=%2Fwp%2Fv2%2Fcategories&post=30775"},{"taxonomy":"post_tag","embeddable":true,"href":"https:\/\/www.mladibl.com\/index.php?rest_route=%2Fwp%2Fv2%2Ftags&post=30775"}],"curies":[{"name":"wp","href":"https:\/\/api.w.org\/{rel}","templated":true}]}}