{"id":3077,"date":"2020-10-01T09:23:55","date_gmt":"2020-10-01T07:23:55","guid":{"rendered":"http:\/\/www.mladibl.com\/?p=3077"},"modified":"2020-10-01T09:23:57","modified_gmt":"2020-10-01T07:23:57","slug":"sdg-poslovna-sedmica-2020","status":"publish","type":"post","link":"https:\/\/www.mladibl.com\/?p=3077","title":{"rendered":"SDG Poslovna sedmica 2020"},"content":{"rendered":"\n<p>Nadovezuju\u0107i se na rezultate prve SDG Poslovne konferencije organizovane kroz Projekt 2018. godine, te prve SDG Poslovne sedmice odr\u017eane 2019. godine, SDG Poslovna Sedmica 2020 fokusira\u0107e se na oporavak, vodstvo i inovacije kao osnove platforme za bolju izgradnju pomo\u0107u Ciljeva odr\u017eivog razvoja kao vode\u0107ih principa.<\/p>\n\n\n\n<p>Nagrada za biznis lidere odr\u017eivog razvoja 2020 i dalje \u0107e biti jedno od vode\u0107ih doga\u0111anja Sedmice, zajedno sa nizom nezavisnih organizovanih doga\u0111aja u okviru SDG Poslovne sedmice 2020.<\/p>\n\n\n\n<p>Raspored doga\u0111aja:<\/p>\n\n\n\n<p>5. oktobar 2020. \/ 14:00h<br>On-line konferencija: Digitalna transformacija za odr\u017eivu ekonomiju<\/p>\n\n\n\n<p>6. oktobar 2020. \/ 11:00h<br>Nagrada za biznis lidere odr\u017eivog razvoja 2020<\/p>\n\n\n\n<p>7. oktobar 2020. \/ 18:00h<br>Leaders Tribe koji organizira Softhouse Balkans<\/p>\n\n\n\n<p>8. oktobar 2020. \/ 11:00h<br>SDG Accelerator za mala i srednja preduze\u0107a \u2013 Savjetodavni odbor<\/p>\n\n\n\n<p>9. oktobar 2020. \/ 11:00h<br>Uloga preduzetni\u010dkih univerziteta u stvaranju nove generacije preduzetnika \u2013 i utemeljitelja i vlasnika preduze\u0107a, i onih koji su u njima uposleni: Vizija 2030.<\/p>\n\n\n\n<p>VI\u0161e informacija na: <strong><a href=\"http:\/\/zamisli2030.ba\/bs\/sdg-business-week-2020-2\/\" target=\"_blank\" rel=\"noreferrer noopener\" aria-label=\"zamisli2030.ba\/bs\/sdg-business-week-2020-2\/ (opens in a new tab)\">zamisli2030.ba\/bs\/sdg-business-week-2020-2\/<\/a><\/strong><\/p>\n","protected":false},"excerpt":{"rendered":"<p>Nadovezuju\u0107i se na rezultate prve SDG Poslovne konferencije organizovane kroz Projekt 2018. godine, te prve SDG Poslovne sedmice odr\u017eane 2019.<\/p>\n","protected":false},"author":1,"featured_media":3078,"comment_status":"closed","ping_status":"open","sticky":false,"template":"","format":"standard","meta":{"om_disable_all_campaigns":false,"_monsterinsights_skip_tracking":false,"_monsterinsights_sitenote_active":false,"_monsterinsights_sitenote_note":"","_monsterinsights_sitenote_category":0,"footnotes":""},"categories":[6],"tags":[690,424,1415],"class_list":["post-3077","post","type-post","status-publish","format-standard","has-post-thumbnail","hentry","category-dogadjaji","tag-ciljevi-odrzivog-razvoja","tag-online","tag-sdg-poslovna-sedmica-2020"],"jetpack_featured_media_url":"https:\/\/www.mladibl.com\/wp-content\/uploads\/2020\/10\/SDG-poslovna-sedmica-2020.jpg","amp_enabled":true,"_links":{"self":[{"href":"https:\/\/www.mladibl.com\/index.php?rest_route=\/wp\/v2\/posts\/3077","targetHints":{"allow":["GET"]}}],"collection":[{"href":"https:\/\/www.mladibl.com\/index.php?rest_route=\/wp\/v2\/posts"}],"about":[{"href":"https:\/\/www.mladibl.com\/index.php?rest_route=\/wp\/v2\/types\/post"}],"author":[{"embeddable":true,"href":"https:\/\/www.mladibl.com\/index.php?rest_route=\/wp\/v2\/users\/1"}],"replies":[{"embeddable":true,"href":"https:\/\/www.mladibl.com\/index.php?rest_route=%2Fwp%2Fv2%2Fcomments&post=3077"}],"version-history":[{"count":1,"href":"https:\/\/www.mladibl.com\/index.php?rest_route=\/wp\/v2\/posts\/3077\/revisions"}],"predecessor-version":[{"id":3079,"href":"https:\/\/www.mladibl.com\/index.php?rest_route=\/wp\/v2\/posts\/3077\/revisions\/3079"}],"wp:featuredmedia":[{"embeddable":true,"href":"https:\/\/www.mladibl.com\/index.php?rest_route=\/wp\/v2\/media\/3078"}],"wp:attachment":[{"href":"https:\/\/www.mladibl.com\/index.php?rest_route=%2Fwp%2Fv2%2Fmedia&parent=3077"}],"wp:term":[{"taxonomy":"category","embeddable":true,"href":"https:\/\/www.mladibl.com\/index.php?rest_route=%2Fwp%2Fv2%2Fcategories&post=3077"},{"taxonomy":"post_tag","embeddable":true,"href":"https:\/\/www.mladibl.com\/index.php?rest_route=%2Fwp%2Fv2%2Ftags&post=3077"}],"curies":[{"name":"wp","href":"https:\/\/api.w.org\/{rel}","templated":true}]}}