{"id":3063,"date":"2020-10-01T08:43:41","date_gmt":"2020-10-01T06:43:41","guid":{"rendered":"http:\/\/www.mladibl.com\/?p=3063"},"modified":"2020-10-01T08:43:43","modified_gmt":"2020-10-01T06:43:43","slug":"grad-izdvaja-450-000-km-za-subvenciju-javnog-prevoza","status":"publish","type":"post","link":"https:\/\/www.mladibl.com\/?p=3063","title":{"rendered":"Grad izdvaja 450.000 KM za subvenciju javnog prevoza"},"content":{"rendered":"\n<p>Grad Banja Luka subvencionisa\u0107e javni prevoz sa 450.000 KM, kako bi se odr\u017eao sada\u0161nji redovni red vo\u017enje u gradskom i prigradskom prevozu putnika.<\/p>\n\n\n\n<p>Odr\u017eavanje javnog gradskog i prigradskog prevoza je glavna tema 6. vanredne sjednice Skup\u0161tine grada, koja je zakazana za 6. oktobar sa po\u010detkom u 9 \u010dasova u Banskom dvoru, odlu\u010deno je na dana\u0161noj sjednici skup\u0161tinskog kolegijuma.<\/p>\n\n\n\n<p>Redovni red vo\u017enje u gradskom prevozu putnika, vra\u0107en je 31. avgusta, ali je broj putnika jako mali.<\/p>\n\n\n\n<p>-Izuzev \u0111aka i manjeg broja radnika, gotovo da nema ostalih putnika. Ve\u0107 nakon sedam dana odvijanja redovnog reda vo\u017enje, prevoznici koji obavljaju gradski i prigradski prevoz, zatra\u017eili su da se broj polazaka i linija redukuje za 50 odsto ili da se obezbijede dodatna finansijska sredstva zato \u0161to je odr\u017eavanje ovakvog javnog prevoza potpuno finansijski neodr\u017eivo za njih kao prevoznike \u2013 kazao je gradona\u010delnik Igor Radoji\u010di\u0107.<\/p>\n\n\n\n<p>Poslije nekoliko sedmica razgovora sa njima, kako je istakao \u2013 odlu\u010deno je da se obezbijede subvencije za prevoz.<\/p>\n\n\n\n<p>-Redukcija prevoza, bez obzira na smanjen broj putnika, mogla bi dovesti u problem i taj mali broj korisnika prevoza. Zato je prijedlog da se ide u dodatnu subvenciju javnog prevoza i za vanredu sjednicu predlo\u017eene su dvije odluke koje \u0107e omogu\u0107iti subvenciju u iznosu od 450.000 KM za odr\u017eavanje javnog prevoza sa postoje\u0107im brojem linija i frekvencijom, do kraja godine \u2013 zaklju\u010dio je Radoji\u010di\u0107.<\/p>\n\n\n\n<p>Dopunom odluke o podr\u0161ci privrednim subjektima, koja \u0107e se tako\u0111e na\u0107i na vanrednom zasjedanju, dodatno, onim subjektima kojima je zabranjen rad \u2013 bi\u0107e produ\u017eena subvencija komunalne takse do kraja godine.<\/p>\n\n\n\n<p>Odbornici bi trebalo da razmotre i odluke o dono\u0161enjuAkcionog plana \u201eZeleni grad\u201c, o bratimljenju Bograda i Banje Luke i odluku kojom bi se odre\u0111eno poljoprivredno zemlji\u0161te u vlasni\u0161tvu Grada ustupilo po projektu \u201eOsna\u017eivanje i oporavak osoba sa invaliditetom i drugih ranjivih kategorija\u201c.<\/p>\n\n\n\n<p>Predsjednik Skup\u0161tine grada Zoran Tali\u0107 kazao je da je vanredna sjednica zakazana kako bi se izvr\u0161ila odre\u0111ena preraspodjela finansijskih sredstava za subvencionisanje javnog prevoza, kako se ne bi do\u0161lo u situaciju da se pojedine linije ukidaju i da se time naprave problemi redovnim korisnicima javnog prevoza.<\/p>\n\n\n\n<p>I ova sjednica bi\u0107e odr\u017eana uz po\u0161tovanje svih aktuelnih epidemiolo\u0161kih mjera.<\/p>\n\n\n\n<p>Preuzeto sa: <a href=\"http:\/\/www.banjaluka.rs.ba\/%d0%b3%d1%80%d0%b0%d0%b4-%d0%b8%d0%b7%d0%b4%d0%b2%d0%b0%d1%98%d0%b0-450-000-%d0%ba%d0%bc-%d0%b7%d0%b0-%d1%81%d1%83%d0%b1%d0%b2%d0%b5%d0%bd%d1%86%d0%b8%d1%98%d0%b5-%d0%b7%d0%b0-%d1%98%d0%b0%d0%b2%d0%bd\/\" target=\"_blank\" rel=\"noreferrer noopener\" aria-label=\"Grad Banja Luka (opens in a new tab)\">Grad Banja Luka<\/a><\/p>\n","protected":false},"excerpt":{"rendered":"<p>Grad Banja Luka subvencionisa\u0107e javni prevoz sa 450.000 KM, kako bi se odr\u017eao sada\u0161nji redovni red vo\u017enje u gradskom i<\/p>\n","protected":false},"author":1,"featured_media":115,"comment_status":"closed","ping_status":"open","sticky":false,"template":"","format":"standard","meta":{"om_disable_all_campaigns":false,"_monsterinsights_skip_tracking":false,"_monsterinsights_sitenote_active":false,"_monsterinsights_sitenote_note":"","_monsterinsights_sitenote_category":0,"footnotes":""},"categories":[11],"tags":[27,785,35],"class_list":["post-3063","post","type-post","status-publish","format-standard","has-post-thumbnail","hentry","category-gradbanjaluka","tag-grad-banja-luka","tag-javni-prevoz","tag-subvencije"],"jetpack_featured_media_url":"https:\/\/www.mladibl.com\/wp-content\/uploads\/2019\/10\/grad-banja-luka.png","amp_enabled":true,"_links":{"self":[{"href":"https:\/\/www.mladibl.com\/index.php?rest_route=\/wp\/v2\/posts\/3063","targetHints":{"allow":["GET"]}}],"collection":[{"href":"https:\/\/www.mladibl.com\/index.php?rest_route=\/wp\/v2\/posts"}],"about":[{"href":"https:\/\/www.mladibl.com\/index.php?rest_route=\/wp\/v2\/types\/post"}],"author":[{"embeddable":true,"href":"https:\/\/www.mladibl.com\/index.php?rest_route=\/wp\/v2\/users\/1"}],"replies":[{"embeddable":true,"href":"https:\/\/www.mladibl.com\/index.php?rest_route=%2Fwp%2Fv2%2Fcomments&post=3063"}],"version-history":[{"count":1,"href":"https:\/\/www.mladibl.com\/index.php?rest_route=\/wp\/v2\/posts\/3063\/revisions"}],"predecessor-version":[{"id":3064,"href":"https:\/\/www.mladibl.com\/index.php?rest_route=\/wp\/v2\/posts\/3063\/revisions\/3064"}],"wp:featuredmedia":[{"embeddable":true,"href":"https:\/\/www.mladibl.com\/index.php?rest_route=\/wp\/v2\/media\/115"}],"wp:attachment":[{"href":"https:\/\/www.mladibl.com\/index.php?rest_route=%2Fwp%2Fv2%2Fmedia&parent=3063"}],"wp:term":[{"taxonomy":"category","embeddable":true,"href":"https:\/\/www.mladibl.com\/index.php?rest_route=%2Fwp%2Fv2%2Fcategories&post=3063"},{"taxonomy":"post_tag","embeddable":true,"href":"https:\/\/www.mladibl.com\/index.php?rest_route=%2Fwp%2Fv2%2Ftags&post=3063"}],"curies":[{"name":"wp","href":"https:\/\/api.w.org\/{rel}","templated":true}]}}