{"id":3057,"date":"2020-09-30T14:20:57","date_gmt":"2020-09-30T12:20:57","guid":{"rendered":"http:\/\/www.mladibl.com\/?p=3057"},"modified":"2020-09-30T14:20:59","modified_gmt":"2020-09-30T12:20:59","slug":"odluka-senata-o-organizaciji-nastavnog-procesa-za-prvu-godinu-prvog-ciklusa-studija","status":"publish","type":"post","link":"https:\/\/www.mladibl.com\/?p=3057","title":{"rendered":"Odluka Senata o organizaciji nastavnog procesa za prvu godinu prvog ciklusa studija"},"content":{"rendered":"\n<p>Nastava za studente Univerziteta u Banjoj Luci koji su prvi put upisani u prvu godinu prvog ciklusa studija u akademskoj 2020\/2021. godini odr\u017eava\u0107e se prema modelu klasi\u010dne nastave sa predavanjima i vje\u017ebama u\u017eivo.<\/p>\n\n\n\n<p>Vi\u0161e mo\u017eete pro\u010ditati u odluci:<strong><a href=\"https:\/\/unibl.org\/uploads\/files\/vesti\/2020\/09\/Organizacija%20nastavnog%20procesa%20za%20prvu%20godinu%20prvog%20ciklusa%20studija%20u%20akademskoj%2020.21%20na%20Univerzitetu%20u%20Banjoj%20Luci.pdf\" target=\"_blank\" rel=\"noreferrer noopener\" aria-label=\"Odluka o organizaciji nastavnog procesa za prvu godinu prvog ciklusa studija u akademskoj 2020\/2021. godini (opens in a new tab)\">Odluka o organizaciji nastavnog procesa za prvu godinu prvog ciklusa studija u akademskoj 2020\/2021. godini<\/a><\/strong><\/p>\n\n\n\n<p>Preuzeto sa: <a href=\"https:\/\/unibl.org\/sr-lat\/vesti\/2020\/09\/odluka-senata-o-organizaciji-nastavnog-procesa-za-prvu-godinu-prvog-ciklusa-studija\" target=\"_blank\" rel=\"noreferrer noopener\" aria-label=\"Univerzitet u Banjoj Luci (opens in a new tab)\">Univerzitet u Banjoj Luci<\/a><\/p>\n","protected":false},"excerpt":{"rendered":"<p>Nastava za studente Univerziteta u Banjoj Luci koji su prvi put upisani u prvu godinu prvog ciklusa studija u akademskoj<\/p>\n","protected":false},"author":1,"featured_media":1617,"comment_status":"closed","ping_status":"open","sticky":false,"template":"","format":"standard","meta":{"om_disable_all_campaigns":false,"_monsterinsights_skip_tracking":false,"_monsterinsights_sitenote_active":false,"_monsterinsights_sitenote_note":"","_monsterinsights_sitenote_category":0,"footnotes":""},"categories":[13],"tags":[833,1409,62,74],"class_list":["post-3057","post","type-post","status-publish","format-standard","has-post-thumbnail","hentry","category-studenti","tag-nastava","tag-prvi-ciklus","tag-studenti","tag-univerzitet-u-banjoj-luci"],"jetpack_featured_media_url":"https:\/\/www.mladibl.com\/wp-content\/uploads\/2020\/06\/univerzitet-u-banjoj-luci.jpg","amp_enabled":true,"_links":{"self":[{"href":"https:\/\/www.mladibl.com\/index.php?rest_route=\/wp\/v2\/posts\/3057","targetHints":{"allow":["GET"]}}],"collection":[{"href":"https:\/\/www.mladibl.com\/index.php?rest_route=\/wp\/v2\/posts"}],"about":[{"href":"https:\/\/www.mladibl.com\/index.php?rest_route=\/wp\/v2\/types\/post"}],"author":[{"embeddable":true,"href":"https:\/\/www.mladibl.com\/index.php?rest_route=\/wp\/v2\/users\/1"}],"replies":[{"embeddable":true,"href":"https:\/\/www.mladibl.com\/index.php?rest_route=%2Fwp%2Fv2%2Fcomments&post=3057"}],"version-history":[{"count":1,"href":"https:\/\/www.mladibl.com\/index.php?rest_route=\/wp\/v2\/posts\/3057\/revisions"}],"predecessor-version":[{"id":3058,"href":"https:\/\/www.mladibl.com\/index.php?rest_route=\/wp\/v2\/posts\/3057\/revisions\/3058"}],"wp:featuredmedia":[{"embeddable":true,"href":"https:\/\/www.mladibl.com\/index.php?rest_route=\/wp\/v2\/media\/1617"}],"wp:attachment":[{"href":"https:\/\/www.mladibl.com\/index.php?rest_route=%2Fwp%2Fv2%2Fmedia&parent=3057"}],"wp:term":[{"taxonomy":"category","embeddable":true,"href":"https:\/\/www.mladibl.com\/index.php?rest_route=%2Fwp%2Fv2%2Fcategories&post=3057"},{"taxonomy":"post_tag","embeddable":true,"href":"https:\/\/www.mladibl.com\/index.php?rest_route=%2Fwp%2Fv2%2Ftags&post=3057"}],"curies":[{"name":"wp","href":"https:\/\/api.w.org\/{rel}","templated":true}]}}