{"id":30341,"date":"2023-05-03T10:02:51","date_gmt":"2023-05-03T08:02:51","guid":{"rendered":"https:\/\/www.mladibl.com\/?p=30341"},"modified":"2023-05-03T10:02:52","modified_gmt":"2023-05-03T08:02:52","slug":"proactive-2023-prowokechange-ne-dijelimo-nagrade-dijelimo-znanje","status":"publish","type":"post","link":"https:\/\/www.mladibl.com\/?p=30341","title":{"rendered":"PROACTIVE 2023, PRoWoke&#038;Change: &#8220;Ne dijelimo nagrade. Dijelimo znanje.&#8221;"},"content":{"rendered":"\n<p>PROACTIVE, regionalna konferencija posve\u0107ena odnosima s javno\u0161\u0107u i komunikacijama, ove godine slavi punoljetstvo i odr\u017ea\u0107e se od 25. &#8211; 27. maja 2023. godine na Jahorini.<\/p>\n\n\n\n<p>PROACTIVE, regionalna konferencija posve\u0107ena odnosima s javno\u0161\u0107u i komunikacijama, ove godine slavi punoljetstvo i odr\u017ea\u0107e se od 25. &#8211; 27. maja 2023. godine na Jahorini. PROACTIVE 2023 je regionalna konferencija o komunikacijama koja ve\u0107 18 godina, od 2005., okuplja stru\u010dnjake i stru\u010dnjakinje iz Slovenije, Hrvatske, Bosne i Hercegovine, Srbije, Crne Gore, Sjeverne Makedonije i Evrope.<\/p>\n\n\n\n<p>\u201e\u017divimo u vrijeme dramati\u010dnih tr\u017ei\u0161nih promjena uzrokovanih nizom faktora. Vremenu koje od nas zahtijeva da budemo sna\u017eni, hrabri i vrijedni,\u201d ka\u017ee Dobrila Mo\u010devi\u0107, direktorica agencije PRIME Communications koja organizuje PROACTIVE. \u201dKomunikacijska profesija ima nikada va\u017eniju ulogu u prepoznavanju i prevazila\u017eenju izazova, stvaranju odr\u017eivog okru\u017eenja i unapre\u0111enju organizacija i dru\u0161tva uop\u0161te. Upravo stoga ove godine je na\u0161a glavna poruka da ne dijelimo nagrade, nego znanje kao veslo koje \u0107e pomo\u0107i da iz ovog nesumnjivo neobi\u010dnog perioda iza\u0111emo pametniji i sa nau\u010denim lekcijama. A PROACTIVE \u0107e omogu\u0107iti upravo to\u201c, rekla je u najavi konferencije Mo\u010devi\u0107.<\/p>\n\n\n\n<p>PROACTIVE 2023: PRovocirati, PRobuditi, PRomijeniti<\/p>\n\n\n\n<p>Ovogodi\u0161nje izdanje \u0107e staviti fokus na ulogu i odgovornost komunikacijskih praksi u odr\u017eivom razvoju te pove\u0107anju pismenosti &#8211; bazi\u010dne, medijske, nau\u010dne i informacione. PRoWoke&amp;Change, provocirati, probuditi i promijeniti, slogan je pod kojim \u0107e razvoju industrije doprinijeti oni koji o njoj najvi\u0161e znaju: prakti\u010dari.<\/p>\n\n\n\n<p>Organizatori najavljuje da \u0107e se na PROACTIVE 2023 razgovarati o tome kako na poslovanje uti\u010de nagla ekspanzija upotrebe vje\u0161ta\u010dke inteligencije za kreiranje sadr\u017eaja, ali i o dru\u0161tvenoj odgovornosti, korporativnom upravljanju i greenwashingu. Jedna od va\u017enih tema je uticaj poslovanja na okoli\u0161, kona\u010dno sveprisutnija obaveza ESG izvje\u0161tavanja, te izgradnja i njegovanje me\u0111usobnog povjerenja. \u201eMoramo da pri\u010damo o uvezivanje komunikacija i bazi\u010dnih poslovnih strategija, a posebnu pa\u017enju \u0107emo posvetiti i va\u017enosti kako specijalizacija tako i \u0161irine u komunikacijama. Brendiranje poslodavaca, inovativnost i kreativnost u komuniciranju, transformacija medija, te nau\u010dna komunikacija i nauka kao temelj razumijevanja promjena i napretka su jako va\u017ene teme koje \u0107e imati svoje vrijeme u programu ovogodi\u0161nje konferencije&#8221;, najavljuje Mo\u010devi\u0107.<\/p>\n\n\n\n<p>PROACTIVE je namijenjen svima koji dolaze iz komunikacijske prakse korporacija, institucija, organizacija kao i osobama iz medija, menad\u017ementa i ljudskih resursa. U osnovi ovih poslova je odnos s ljudima i komunikacija, a PROACTIVE je mjesto susreta, razmjene znanja i informacija va\u017enih za cijelu komunikacijsku industriju.<\/p>\n\n\n\n<p>Da dijelimo nagrade, i\u0161le bi u ruke najhrabrijih<\/p>\n\n\n\n<p>Prvi i najhrabriji u suo\u010davanju s velikim promjenama u pravilu ostvare najbolje rezultate, poruka je i obe\u0107anje ovogodi\u0161nje PROACTIVE konferencije. Informacije o konferenciji i link za prijave dostupne su na <strong><a href=\"https:\/\/bit.ly\/PROACTIVEPRoWoke\" target=\"_blank\" rel=\"noreferrer noopener\">linku<\/a><\/strong>.<\/p>\n\n\n\n<p>Preuzeto sa: <a href=\"https:\/\/www.akta.ba\/najave\/dogadjaji\/161945\/proactive-2023-prowokechange-ne-dijelimo-nagrade-dijelimo-znanje\" target=\"_blank\" rel=\"noreferrer noopener\">akta.ba<\/a><\/p>\n","protected":false},"excerpt":{"rendered":"<p>PROACTIVE, regionalna konferencija posve\u0107ena odnosima s javno\u0161\u0107u i komunikacijama, ove godine slavi punoljetstvo i odr\u017ea\u0107e se od 25. &#8211; 27.<\/p>\n","protected":false},"author":1,"featured_media":30338,"comment_status":"closed","ping_status":"open","sticky":false,"template":"","format":"standard","meta":{"om_disable_all_campaigns":false,"_monsterinsights_skip_tracking":false,"_monsterinsights_sitenote_active":false,"_monsterinsights_sitenote_note":"","_monsterinsights_sitenote_category":0,"footnotes":""},"categories":[6],"tags":[483,184,8477,11180],"class_list":["post-30341","post","type-post","status-publish","format-standard","has-post-thumbnail","hentry","category-dogadjaji","tag-komunikacije","tag-konferencija","tag-odnosi-s-javnoscu","tag-proactive"],"jetpack_featured_media_url":"https:\/\/www.mladibl.com\/wp-content\/uploads\/2023\/05\/PROACTIVE-2023-PRoWokeChange_-_Ne-dijelimo-nagrade.-Dijelimo-znanje._.jpg","amp_enabled":true,"_links":{"self":[{"href":"https:\/\/www.mladibl.com\/index.php?rest_route=\/wp\/v2\/posts\/30341","targetHints":{"allow":["GET"]}}],"collection":[{"href":"https:\/\/www.mladibl.com\/index.php?rest_route=\/wp\/v2\/posts"}],"about":[{"href":"https:\/\/www.mladibl.com\/index.php?rest_route=\/wp\/v2\/types\/post"}],"author":[{"embeddable":true,"href":"https:\/\/www.mladibl.com\/index.php?rest_route=\/wp\/v2\/users\/1"}],"replies":[{"embeddable":true,"href":"https:\/\/www.mladibl.com\/index.php?rest_route=%2Fwp%2Fv2%2Fcomments&post=30341"}],"version-history":[{"count":1,"href":"https:\/\/www.mladibl.com\/index.php?rest_route=\/wp\/v2\/posts\/30341\/revisions"}],"predecessor-version":[{"id":30342,"href":"https:\/\/www.mladibl.com\/index.php?rest_route=\/wp\/v2\/posts\/30341\/revisions\/30342"}],"wp:featuredmedia":[{"embeddable":true,"href":"https:\/\/www.mladibl.com\/index.php?rest_route=\/wp\/v2\/media\/30338"}],"wp:attachment":[{"href":"https:\/\/www.mladibl.com\/index.php?rest_route=%2Fwp%2Fv2%2Fmedia&parent=30341"}],"wp:term":[{"taxonomy":"category","embeddable":true,"href":"https:\/\/www.mladibl.com\/index.php?rest_route=%2Fwp%2Fv2%2Fcategories&post=30341"},{"taxonomy":"post_tag","embeddable":true,"href":"https:\/\/www.mladibl.com\/index.php?rest_route=%2Fwp%2Fv2%2Ftags&post=30341"}],"curies":[{"name":"wp","href":"https:\/\/api.w.org\/{rel}","templated":true}]}}