{"id":30254,"date":"2023-04-26T23:46:37","date_gmt":"2023-04-26T21:46:37","guid":{"rendered":"https:\/\/www.mladibl.com\/?p=30254"},"modified":"2023-04-27T00:06:20","modified_gmt":"2023-04-26T22:06:20","slug":"debatni-kamp-jacanje-kompetencija-medijske-pismenosti-mladih-u-bih","status":"publish","type":"post","link":"https:\/\/www.mladibl.com\/?p=30254","title":{"rendered":"Debatni kamp: Ja\u010danje kompetencija medijske pismenosti mladih u BiH"},"content":{"rendered":"\n<p>Mediacentar Sarajevo organizuje debatni kamp posve\u0107en ja\u010danju medijske pismenosti me\u0111u mladima iz Bosne i Hercegovine koji \u0107e se odr\u017eati na Jahorini od 26. do 29.5.2023.<\/p>\n\n\n\n<p>Na debatni kamp mogu se prijaviti mladi iz Bosne i Hercegovine koji imaju od 18 do 25 godina.<\/p>\n\n\n\n<p>Prednost \u0107e imati kandidati\/tkinje koji do sada nisu u\u010destvovali\/e na omladinskim kampovima u organizaciji Mediacentra Sarajevo.<\/p>\n\n\n\n<p>Tokom trajanja debatnog kampa polaznici i polaznice \u0107e se upoznati sa ulogom i obavezama tradicionalnih medija i elementima profesionalnog medijskog izvje\u0161tavanja. Dio programa bit \u0107e posve\u0107en i dru\u0161tvenim mre\u017eama, na\u010dinu na koji fukcioni\u0161u, koja su pravila, kako se upravlja i moderira sadr\u017eajem na dru\u0161tvenim mre\u017eama.<\/p>\n\n\n\n<p>Polaznici\/e debatnog kampa \u0107e nau\u010diti kako da prepoznaju elemente pristrasnog medijskog izvje\u0161tavanja, govor mr\u017enje i dezinformacije. Kroz primjere iz BiH i svijeta u\u010desnici\/e \u0107e u\u010diti kako se proizvode, \u0161ire i koriste propaganda, dezinformacije i narativi mr\u017enje u tradicionalnim medijima i na dru\u0161tvenim mre\u017eama te koje su njihove posljedice.<\/p>\n\n\n\n<p>Razgovarat \u0107emo o eti\u010dkim kodeksima i regulaciji tradicionalnih medija i sadr\u017eaja na dru\u0161tvenim mre\u017eama, te poku\u0161ati odgovoriti na pitanje do koje mjere je regulacija medija i sadr\u017eaja na dru\u0161tvenim mre\u017eama korisna a kada prelazi u ograni\u010davanje slobode govora.<\/p>\n\n\n\n<p>Centralni dio kampa je moderirana debata me\u0111u u\u010desnicima\/cama, za koju \u0107e polaznici\/e biti pripremljeni tokom trajanja kampa. Polaznici\/e \u0107e pro\u0107i intenzivnu pripremu za sudjelovanje u debati uz pomo\u0107 moderatorice i trenerica. Finalna debata bit \u0107e posve\u0107ena razgovoru o mehanizmima prevencije \u0161irenja dezinformacija, kampanja diskreditacije i govora mr\u017enje na na\u010din da oni ne sputavaju slobodu govora.<\/p>\n\n\n\n<p>U\u010de\u0161\u0107e u kampu pomo\u0107i \u0107e u\u010desnicima\/cama da unaprijede znanje o slobodi izra\u017eavanja na dru\u0161tvenim mre\u017eama te mehanizmima za\u0161tite, ali i da unaprijede svoje vje\u0161tine debatiranja i kori\u0161tenja argumentacije u vo\u0111enju debate.<\/p>\n\n\n\n<p>Ukoliko se \u017eelite prijaviti za u\u010de\u0161\u0107e na debatnom kampu, potrebno je da ispunite aplikacioni formular koji mo\u017eete preuzeti <strong><a href=\"https:\/\/docs.google.com\/document\/d\/1k0o6CpL-MRHjkG4YREXM8gb3_ru5qrbZ\/edit?usp=share_link&amp;ouid=117145534624960183026&amp;rtpof=true&amp;sd=true\" target=\"_blank\" rel=\"noreferrer noopener\">OVDJE<\/a><\/strong> i zatim ga poslati na e-mail: <strong><a href=\"mailto:nermina@media.ba\" target=\"_blank\" rel=\"noreferrer noopener\">nermina@media.ba<\/a><\/strong> sa naznakom &#8220;Prijava za debatni kamp Jahorina&#8221;. Prijave mo\u017eete poslati do 08.05.2023. (ponedjeljak) do 20:00 sati. Broj mjesta za u\u010de\u0161\u0107e na kampu je ograni\u010den. Organizator kampa snosi sve tro\u0161kove prevoza, smje\u0161taja i hrane.<\/p>\n\n\n\n<p>Debatni kamp se odr\u017eava u sklopu projekta &#8220;Mladi za bolje medije&#8221;, koji finansira Evropska unija, a zajedni\u010dki implementiraju Mediacentar Sarajevo i Ja bih EU.<\/p>\n\n\n\n<p>Preuzeto sa: <a href=\"https:\/\/www.media.ba\/bs\/event\/debatni-kamp-jacanje-kompetencija-medijske-pismenosti-mladih-u-bih\" target=\"_blank\" rel=\"noreferrer noopener\">media.ba<\/a><\/p>\n","protected":false},"excerpt":{"rendered":"<p>Mediacentar Sarajevo organizuje debatni kamp posve\u0107en ja\u010danju medijske pismenosti me\u0111u mladima iz Bosne i Hercegovine koji \u0107e se odr\u017eati na<\/p>\n","protected":false},"author":1,"featured_media":30230,"comment_status":"closed","ping_status":"open","sticky":false,"template":"","format":"standard","meta":{"om_disable_all_campaigns":false,"_monsterinsights_skip_tracking":false,"_monsterinsights_sitenote_active":false,"_monsterinsights_sitenote_note":"","_monsterinsights_sitenote_category":0,"footnotes":""},"categories":[4,8692],"tags":[11159,1489,33],"class_list":["post-30254","post","type-post","status-publish","format-standard","has-post-thumbnail","hentry","category-edukacija","category-izdvajamo","tag-debatni-kamp","tag-medijska-pismenost","tag-mladi"],"jetpack_featured_media_url":"https:\/\/www.mladibl.com\/wp-content\/uploads\/2023\/04\/Debatni-kamp_-Jacanje-kompetencija-medijske-pismenosti-mladih-u-BiH.jpg","amp_enabled":true,"_links":{"self":[{"href":"https:\/\/www.mladibl.com\/index.php?rest_route=\/wp\/v2\/posts\/30254","targetHints":{"allow":["GET"]}}],"collection":[{"href":"https:\/\/www.mladibl.com\/index.php?rest_route=\/wp\/v2\/posts"}],"about":[{"href":"https:\/\/www.mladibl.com\/index.php?rest_route=\/wp\/v2\/types\/post"}],"author":[{"embeddable":true,"href":"https:\/\/www.mladibl.com\/index.php?rest_route=\/wp\/v2\/users\/1"}],"replies":[{"embeddable":true,"href":"https:\/\/www.mladibl.com\/index.php?rest_route=%2Fwp%2Fv2%2Fcomments&post=30254"}],"version-history":[{"count":1,"href":"https:\/\/www.mladibl.com\/index.php?rest_route=\/wp\/v2\/posts\/30254\/revisions"}],"predecessor-version":[{"id":30255,"href":"https:\/\/www.mladibl.com\/index.php?rest_route=\/wp\/v2\/posts\/30254\/revisions\/30255"}],"wp:featuredmedia":[{"embeddable":true,"href":"https:\/\/www.mladibl.com\/index.php?rest_route=\/wp\/v2\/media\/30230"}],"wp:attachment":[{"href":"https:\/\/www.mladibl.com\/index.php?rest_route=%2Fwp%2Fv2%2Fmedia&parent=30254"}],"wp:term":[{"taxonomy":"category","embeddable":true,"href":"https:\/\/www.mladibl.com\/index.php?rest_route=%2Fwp%2Fv2%2Fcategories&post=30254"},{"taxonomy":"post_tag","embeddable":true,"href":"https:\/\/www.mladibl.com\/index.php?rest_route=%2Fwp%2Fv2%2Ftags&post=30254"}],"curies":[{"name":"wp","href":"https:\/\/api.w.org\/{rel}","templated":true}]}}