{"id":2967,"date":"2020-09-25T14:39:00","date_gmt":"2020-09-25T12:39:00","guid":{"rendered":"http:\/\/www.mladibl.com\/?p=2967"},"modified":"2020-09-25T14:39:19","modified_gmt":"2020-09-25T12:39:19","slug":"muzej-republike-srpske-obiljezio-90-godina-rada","status":"publish","type":"post","link":"https:\/\/www.mladibl.com\/?p=2967","title":{"rendered":"Muzej Republike Srpske obilje\u017eio 90 godina rada"},"content":{"rendered":"\n<p>\u200bMinistar prosvjete i kulture Republike Srpske mr Natalija Trivi\u0107 prisustvovala je sve\u010danosti uprili\u010denoj povodom 90 godina postojanja i rada Muzeja Republike Srpske, a u okviru koje je otvorena tematska izlo\u017eba \u201eVrbaski ma\u010d u kamenu&#8221;.<\/p>\n\n\n\n<p>\u201eRadi se o izuzetno zna\u010dajnom jubileju &#8211; devet decenija postojanja i rada Muzeja Republike Srpske, kao centralne republi\u010dke ustanove kulture u oblasti muzejske djelatnosti. Radom na za\u0161titi, prezentaciji i promociji kulturnog naslje\u0111a, te izuzetno va\u017enim programima saradnje koje ostvaruje sa muzejskim ustanovama iz zemlje i regiona, Muzej Republike Srpske daje nemjerljiv zna\u010daj o\u010duvanju kulturnog naslje\u0111a i identiteta na\u0161eg naroda na ovom prostoru, unapre\u0111enju i razvoju muzejske djelatnosti te sveukupnom razvoju kulture Republike Srpske\u201c, rekla je ministra Natalija Trivi\u0107.<\/p>\n\n\n\n<p>Ona je iskazala i sve pohvale autorskom timu izlo\u017ebe u \u010dijem je znaku centralna sve\u010danost obilje\u017eavanja va\u017enog jubileja, ali i cijelom timu Muzeja, \u010dija anga\u017eovanost u radu, i ja\u010danju svijesti o va\u017enosti brige i promocije na\u0161e vrijedne kulturne ba\u0161tine, kako je rekla, svrstava Muzej Republike Srpske u red institucija kulture najzaslu\u017enijih za to.<\/p>\n\n\n\n<p>\u201ePutem vrijednih stalnih postavki, ali i istra\u017eiva\u010dke i izlo\u017ebene djelatnosti, Muzej  njeguje i \u010duva kulturnu ba\u0161tinu, ali i na  stru\u010dan i sistemati\u010dan na\u010din doprinosi i kulturolo\u0161kom obrazovanju javnosti\u201c, rekla je ministra Natalija Trivi\u0107, naglasiv\u0161i posebno va\u017enost obrazovanja u tom smislu najmla\u0111ih generacija i u\u010denika koji imaju priliku da usvajaju znanja o naslje\u0111u i kulturnom identitetu putem edukativnih postavki Muzeja Srpske.<\/p>\n\n\n\n<p>U okviru tematske izlo\u017ebe &#8220;Vrbaski ma\u010d u kamenu&#8221; prikazan je primjerak srednjovjekovnog ma\u010da koji je pro\u0161le godine izronjen iz Vrbasa, pored sela Rekavice, u \u010dijoj se neposednoj blizini nalaze ostaci srednjovjekovne tvr\u0111ave Zve\u010daj.<\/p>\n\n\n\n<p>Gradona\u010delnik Banjaluke Igor Radoji\u010di\u0107 rekao je da je potrebno dalje razvijati sve institucije, u okviru \u010dega i institucije kulture.<\/p>\n\n\n\n<p>&#8220;U fazi smo priprema za izgradnju jo\u0161 jednog velikog objekta \u2013 multifunkcionalne kongresno-konferencijsko-koncertne dvorane koja \u0107e imati i izlo\u017ebene prostore&#8221;, naveo je Radoji\u010di\u0107.<\/p>\n\n\n\n<p>Direktor Muzeja Srpske Miladin Savi\u0107 podsjetio je da je 1930. godine tada\u0161nji ban Vrbaske banovine Svetislav Milosavljevi\u0107 donio odluku o osnivanju Muzeja Vrbaske banovine, koji od 14. novembra 1992. godine nosi nacionalno ime \u2013 Muzej Republike Srpske.<\/p>\n\n\n\n<p>Savi\u0107 je dodao da je ova ustanova imala i blistave i jako te\u0161ke momente u svojih 90 godina, da je muzej \u010desto mijenjao mjesto, dok se u julu 1983. godine nije preselio u objekat u kojem se i sada nalazi.<\/p>\n\n\n\n<p>Muzej Vrbaske banovine u Banjaluci osnovan je 26. septembra 1930. godine naredbom kralja Aleksandra Prvog Kara\u0111or\u0111evi\u0107a.<\/p>\n\n\n\n<p>Odlukom Vlade Republike Srpske 14. novembra 1992. godine preimenovan je u Muzej Republike Srpske i progla\u0161en centralnom ustanovom za\u0161tite pokretnih kulturnih dobara.<\/p>\n\n\n\n<p>Preuzeto sa: <a href=\"https:\/\/vladars.net\/sr-SP-Cyrl\/Vlada\/Ministarstva\/mpk\/media\/vijesti\/Pages\/%D0%9C%D1%83%D0%B7%D0%B5%D1%98-%D0%A0%D0%B5%D0%BF%D1%83%D0%B1%D0%BB%D0%B8%D0%BA%D0%B5-%D0%A1%D1%80%D0%BF%D1%81%D0%BA%D0%B5-%D0%BE%D0%B1%D0%B8%D1%99%D0%B5%D0%B6%D0%B8%D0%BE-90-%D0%B3%D0%BE%D0%B4%D0%B8%D0%BD%D0%B0-%D1%80%D0%B0%D0%B4%D0%B0.aspx\" target=\"_blank\" rel=\"noreferrer noopener\" aria-label=\"Ministarstvo prosvjete i kulture (opens in a new tab)\">Ministarstvo prosvjete i kulture<\/a><\/p>\n","protected":false},"excerpt":{"rendered":"<p>\u200bMinistar prosvjete i kulture Republike Srpske mr Natalija Trivi\u0107 prisustvovala je sve\u010danosti uprili\u010denoj povodom 90 godina postojanja i rada Muzeja<\/p>\n","protected":false},"author":1,"featured_media":2968,"comment_status":"closed","ping_status":"open","sticky":false,"template":"","format":"standard","meta":{"om_disable_all_campaigns":false,"_monsterinsights_skip_tracking":false,"_monsterinsights_sitenote_active":false,"_monsterinsights_sitenote_note":"","_monsterinsights_sitenote_category":0,"footnotes":""},"categories":[2],"tags":[1350,29,1336],"class_list":["post-2967","post","type-post","status-publish","format-standard","has-post-thumbnail","hentry","category-vijesti","tag-90-godina","tag-kultura","tag-muzej-republike-srpska"],"jetpack_featured_media_url":"https:\/\/www.mladibl.com\/wp-content\/uploads\/2020\/09\/Muzej-Republike-Srpske-obilje\u017eio-90-godina-rada.jpg","amp_enabled":true,"_links":{"self":[{"href":"https:\/\/www.mladibl.com\/index.php?rest_route=\/wp\/v2\/posts\/2967","targetHints":{"allow":["GET"]}}],"collection":[{"href":"https:\/\/www.mladibl.com\/index.php?rest_route=\/wp\/v2\/posts"}],"about":[{"href":"https:\/\/www.mladibl.com\/index.php?rest_route=\/wp\/v2\/types\/post"}],"author":[{"embeddable":true,"href":"https:\/\/www.mladibl.com\/index.php?rest_route=\/wp\/v2\/users\/1"}],"replies":[{"embeddable":true,"href":"https:\/\/www.mladibl.com\/index.php?rest_route=%2Fwp%2Fv2%2Fcomments&post=2967"}],"version-history":[{"count":1,"href":"https:\/\/www.mladibl.com\/index.php?rest_route=\/wp\/v2\/posts\/2967\/revisions"}],"predecessor-version":[{"id":2969,"href":"https:\/\/www.mladibl.com\/index.php?rest_route=\/wp\/v2\/posts\/2967\/revisions\/2969"}],"wp:featuredmedia":[{"embeddable":true,"href":"https:\/\/www.mladibl.com\/index.php?rest_route=\/wp\/v2\/media\/2968"}],"wp:attachment":[{"href":"https:\/\/www.mladibl.com\/index.php?rest_route=%2Fwp%2Fv2%2Fmedia&parent=2967"}],"wp:term":[{"taxonomy":"category","embeddable":true,"href":"https:\/\/www.mladibl.com\/index.php?rest_route=%2Fwp%2Fv2%2Fcategories&post=2967"},{"taxonomy":"post_tag","embeddable":true,"href":"https:\/\/www.mladibl.com\/index.php?rest_route=%2Fwp%2Fv2%2Ftags&post=2967"}],"curies":[{"name":"wp","href":"https:\/\/api.w.org\/{rel}","templated":true}]}}