{"id":2964,"date":"2020-09-25T14:36:32","date_gmt":"2020-09-25T12:36:32","guid":{"rendered":"http:\/\/www.mladibl.com\/?p=2964"},"modified":"2020-09-25T14:36:34","modified_gmt":"2020-09-25T12:36:34","slug":"obiljezava-se-evropski-dan-jezika","status":"publish","type":"post","link":"https:\/\/www.mladibl.com\/?p=2964","title":{"rendered":"Obilje\u017eava se Evropski dan jezika"},"content":{"rendered":"\n<p>\u200bOd 2001. godine, 26. septembra obilje\u017eava se Evropski dan jezika. Ovaj dan posve\u0107en je promovisanju jezi\u010dke i kulturne raznolikosti u Evropi, politike vi\u0161ejezi\u010dnosti i potrebe gra\u0111ana Evrope da u\u010de i ja\u010daju svoje poznavanje vi\u0161e evropskih jezika.<\/p>\n\n\n\n<p>Inicijativu za obilje\u017eavanje ovog dana pokrenuo je Savjet Evrope, \u0161to je podr\u017eala i Evropska unija. Danas se ovaj dan obilje\u017eava u svih 47 zemalja \u010dlanica Savjeta Evrope. Institucije, ustanove i nevladin sektor u dr\u017eavama \u010dlanicama Savjeta Evrope kroz niz aktivnosti koje organizuju 26. septembra podsje\u0107aju gra\u0111ane na va\u017enost cjelo\u017eivotnog u\u010denja i unapre\u0111enja poznavanja jezika u svim \u017eivotnim dobima, kroz formalno i neformalno u\u010denje.<\/p>\n\n\n\n<p>Detaljnije informacije o Evropskom danu jezika, kao i o doga\u0111ajima koji se organizuju \u0161irom Evrope i sadr\u017eaju za zainteresovane gra\u0111ane i nastavnike, mogu se prona\u0107i na sljede\u0107em linku: <strong><a href=\"https:\/\/edl.ecml.at\/Home\/tabid\/1455\/language\/en-GB\/Default.aspx\" target=\"_blank\" rel=\"noreferrer noopener\" aria-label=\"https:\/\/edl.ecml.at\/Home\/tabid\/1455\/language\/en-GB\/Default.aspx (opens in a new tab)\">https:\/\/edl.ecml.at\/Home\/tabid\/1455\/language\/en-GB\/Default.aspx<\/a><\/strong>.<\/p>\n\n\n\n<p>Preuzeto sa: <a href=\"https:\/\/vladars.net\/sr-SP-Cyrl\/Vlada\/Ministarstva\/meoi\/media\/Vijesti\/Pages\/%D0%9E%D0%B1%D0%B8%D1%99%D0%B5%D0%B6%D0%B0%D0%B2%D0%B0-%D1%81%D0%B5-%D0%95%D0%B2%D1%80%D0%BE%D0%BF%D1%81%D0%BA%D0%B8-%D0%B4%D0%B0%D0%BD-%D1%98%D0%B5%D0%B7%D0%B8%D0%BA%D0%B0-.aspx\" target=\"_blank\" rel=\"noreferrer noopener\" aria-label=\"Ministarstvo za evropske integracije i me\u0111unarodnu saradnju (opens in a new tab)\">Ministarstvo za evropske integracije i me\u0111unarodnu saradnju<\/a><\/p>\n","protected":false},"excerpt":{"rendered":"<p>\u200bOd 2001. godine, 26. septembra obilje\u017eava se Evropski dan jezika. Ovaj dan posve\u0107en je promovisanju jezi\u010dke i kulturne raznolikosti u<\/p>\n","protected":false},"author":1,"featured_media":2965,"comment_status":"closed","ping_status":"open","sticky":false,"template":"","format":"standard","meta":{"om_disable_all_campaigns":false,"_monsterinsights_skip_tracking":false,"_monsterinsights_sitenote_active":false,"_monsterinsights_sitenote_note":"","_monsterinsights_sitenote_category":0,"footnotes":""},"categories":[2],"tags":[1359],"class_list":["post-2964","post","type-post","status-publish","format-standard","has-post-thumbnail","hentry","category-vijesti","tag-evropski-dan-jezika"],"jetpack_featured_media_url":"https:\/\/www.mladibl.com\/wp-content\/uploads\/2020\/09\/Obilje\u017eava-se-Evropski-dan-jezika.jpg","amp_enabled":true,"_links":{"self":[{"href":"https:\/\/www.mladibl.com\/index.php?rest_route=\/wp\/v2\/posts\/2964","targetHints":{"allow":["GET"]}}],"collection":[{"href":"https:\/\/www.mladibl.com\/index.php?rest_route=\/wp\/v2\/posts"}],"about":[{"href":"https:\/\/www.mladibl.com\/index.php?rest_route=\/wp\/v2\/types\/post"}],"author":[{"embeddable":true,"href":"https:\/\/www.mladibl.com\/index.php?rest_route=\/wp\/v2\/users\/1"}],"replies":[{"embeddable":true,"href":"https:\/\/www.mladibl.com\/index.php?rest_route=%2Fwp%2Fv2%2Fcomments&post=2964"}],"version-history":[{"count":1,"href":"https:\/\/www.mladibl.com\/index.php?rest_route=\/wp\/v2\/posts\/2964\/revisions"}],"predecessor-version":[{"id":2966,"href":"https:\/\/www.mladibl.com\/index.php?rest_route=\/wp\/v2\/posts\/2964\/revisions\/2966"}],"wp:featuredmedia":[{"embeddable":true,"href":"https:\/\/www.mladibl.com\/index.php?rest_route=\/wp\/v2\/media\/2965"}],"wp:attachment":[{"href":"https:\/\/www.mladibl.com\/index.php?rest_route=%2Fwp%2Fv2%2Fmedia&parent=2964"}],"wp:term":[{"taxonomy":"category","embeddable":true,"href":"https:\/\/www.mladibl.com\/index.php?rest_route=%2Fwp%2Fv2%2Fcategories&post=2964"},{"taxonomy":"post_tag","embeddable":true,"href":"https:\/\/www.mladibl.com\/index.php?rest_route=%2Fwp%2Fv2%2Ftags&post=2964"}],"curies":[{"name":"wp","href":"https:\/\/api.w.org\/{rel}","templated":true}]}}