{"id":29168,"date":"2023-03-20T00:57:32","date_gmt":"2023-03-19T22:57:32","guid":{"rendered":"https:\/\/www.mladibl.com\/?p=29168"},"modified":"2023-03-20T00:57:33","modified_gmt":"2023-03-19T22:57:33","slug":"poziv-za-ucesce-budite-dio-festivala-ulicnih-zabavljaca-trotoart","status":"publish","type":"post","link":"https:\/\/www.mladibl.com\/?p=29168","title":{"rendered":"Poziv za u\u010de\u0161\u0107e: Budite dio Festivala uli\u010dnih zabavlja\u010da \u201eTrotoart\u201c"},"content":{"rendered":"\n<p>Inspirisani sjajnim reakcijama na\u0161ih sugra\u0111ana, ali i brojnih turista i ove godine \u0107e u okviru \u201eBanjalu\u010dkog prolje\u0107a\u201c biti organizovan Festival uli\u010dnih zabavlja\u010da \u201eTrotoArt\u201c.<\/p>\n\n\n\n<p>S tim u vezi pozivaju se svi uli\u010dni zabavlja\u010di i oni koji bi to za ovu priliku \u017eeljeli da budu da se prijave za u\u010de\u0161\u0107e na Festivalu koji \u0107e u periodu od 16. do 18. juna okupiti umjetnike, koji svojim vedrim duhom, glasom, pokretom, bojom i zvukom zaustavljaju slu\u010dajne prolaznike i privla\u010de pa\u017enju svih generacija.<\/p>\n\n\n\n<p>\u2013 Bilo da se radi o na\u0161im sugra\u0111anima ili dragim gostima iz okru\u017eenja, u na\u0161 grad dobrodo\u0161li su svi umjetnici i grupe bez obzira na pol, uzrast, vje\u0161tine, profesionalni ili amaterski status i broj \u010dlanova. Me\u0111u njima su: muzi\u010dari, pjeva\u010di, glumci, performeri, plesa\u010di, slikari, animatori i zabavlja\u010di, kreativci. O\u010dekujemo prijave pojedinaca i grupa iz Banje Luke, drugih gradova Republike Srpske, Bosne i Hercegovine, kao i iz zemalja okru\u017eenja \u2013 poru\u010dio je Projektni tim Festivala.<\/p>\n\n\n\n<p>Prijava se podnosi putem elektronske po\u0161te i to na: <strong><a href=\"mailto:trotoart.bl@gmail.com\" target=\"_blank\" rel=\"noreferrer noopener\">trotoart.bl@gmail.com<\/a><\/strong>, a u poruci treba navesti sljede\u0107e:<\/p>\n\n\n\n<p>ime i prezima izvo\u0111a\u010da;<br>naziv grupe\/sastava i broj \u010dlanova;<br>kratak opis izvo\u0111a\u010da (od kada postoji, \u0161ta izvodi i sl.);<br>vrsta izvo\u0111enja (koncert, performans\u2026) i<br>po\u017eeljno je da se prilo\u017ei barem jedna fotografija sa nastupa.<\/p>\n\n\n\n<p>Projektni tim Festivala \u0107e na osnovu dostavljenih prijava izvr\u0161iti selekciju u\u010desnika i izraditi detaljan program festivala.<\/p>\n\n\n\n<p>Tako\u0111e, putem gorenavedene adrese svi zainteresovani mogu dobiti i sva potrebna dodatna poja\u0161njenja.<\/p>\n\n\n\n<p>Va\u017eno je ista\u0107i da je Banja Luka zahvaljuju\u0107i sjajnim de\u0161avanjima tokom cijele godine a posebno bogatom programu \u201eBanjalu\u010dkog prolje\u0107a\u201c u pro\u0161loj godini oborila sve rekorde posje\u0107enosti. Zanimljivi sadr\u017eaji privukli su u na\u0161 grad veliki broj turista iz cijelog svijeta, \u0161to je u zna\u010dajnoj mjeri doprinijelo banjalu\u010dkim hotelijerima, hostelijerima i drugim vlasnicima smje\u0161tajnih objekata, ali i ugostiteljima i trgovcima koji su zahvljuju\u0107i tome ostvarili pove\u0107an promet.<\/p>\n\n\n\n<p>S tim u vezi, cilj gradske administracije je da se ovakav trend nastavi i ove godine, a poseban fokus je upravo obogatiti ponudu tokom prolje\u0107nog perioda, kada ljepote Banje Luke posebno dolaze do izra\u017eaja, \u0161to se svakako mo\u017ee iskoristiti kao prednost da se bogatim manifestacionim sadr\u017eajima na\u0161 grad pozicionira na mapi regionalnih centara.<\/p>\n\n\n\n<p>U nastavku pogledajte kompletan javni poziv, a atmosferu koja je tokom pro\u0161le godine vladala na ulicama na\u0161eg grada pogledajte u nastavku\u2026<\/p>\n\n\n\n<figure class=\"wp-block-embed is-type-video is-provider-youtube wp-block-embed-youtube wp-embed-aspect-16-9 wp-has-aspect-ratio\"><div class=\"wp-block-embed__wrapper\">\n<iframe loading=\"lazy\" title=\"\u041e\u0432\u0430\u043a\u043e \u0458\u0435 \u0438\u0437\u0433\u043b\u0435\u0434\u0430\u043e \u043f\u0440\u0432\u0438 \u0431\u0430\u045a\u0430\u043b\u0443\u0447\u043a\u0438 \u0422\u0440\u043e\u0442\u043e\u0410\u0440\u0442\" width=\"800\" height=\"450\" src=\"https:\/\/www.youtube.com\/embed\/-ZKSCCj8kPM?feature=oembed\" frameborder=\"0\" allow=\"accelerometer; autoplay; clipboard-write; encrypted-media; gyroscope; picture-in-picture; web-share\" allowfullscreen><\/iframe>\n<\/div><\/figure>\n\n\n\n<p>Preuzeto sa: <a href=\"https:\/\/www.banjaluka.rs.ba\/poziv-za-ucesce-budite-dio-festivala-ulicnih-zabavljaca-trotoart\/\" target=\"_blank\" rel=\"noreferrer noopener\">Grad Banja Luka<\/a><\/p>\n","protected":false},"excerpt":{"rendered":"<p>Inspirisani sjajnim reakcijama na\u0161ih sugra\u0111ana, ali i brojnih turista i ove godine \u0107e u okviru \u201eBanjalu\u010dkog prolje\u0107a\u201c biti organizovan Festival<\/p>\n","protected":false},"author":1,"featured_media":29162,"comment_status":"closed","ping_status":"open","sticky":false,"template":"","format":"standard","meta":{"om_disable_all_campaigns":false,"_monsterinsights_skip_tracking":false,"_monsterinsights_sitenote_active":false,"_monsterinsights_sitenote_note":"","_monsterinsights_sitenote_category":0,"footnotes":""},"categories":[2],"tags":[8519,355,8411,1788],"class_list":["post-29168","post","type-post","status-publish","format-standard","has-post-thumbnail","hentry","category-vijesti","tag-festival-ulicnih-zabavljaca","tag-poziv","tag-trotoart","tag-ucesce"],"jetpack_featured_media_url":"https:\/\/www.mladibl.com\/wp-content\/uploads\/2023\/03\/Poziv-za-ucesce_-Budite-dio-Festivala-ulicnih-zabavljaca-\u201eTrotoart.jpg","amp_enabled":true,"_links":{"self":[{"href":"https:\/\/www.mladibl.com\/index.php?rest_route=\/wp\/v2\/posts\/29168","targetHints":{"allow":["GET"]}}],"collection":[{"href":"https:\/\/www.mladibl.com\/index.php?rest_route=\/wp\/v2\/posts"}],"about":[{"href":"https:\/\/www.mladibl.com\/index.php?rest_route=\/wp\/v2\/types\/post"}],"author":[{"embeddable":true,"href":"https:\/\/www.mladibl.com\/index.php?rest_route=\/wp\/v2\/users\/1"}],"replies":[{"embeddable":true,"href":"https:\/\/www.mladibl.com\/index.php?rest_route=%2Fwp%2Fv2%2Fcomments&post=29168"}],"version-history":[{"count":1,"href":"https:\/\/www.mladibl.com\/index.php?rest_route=\/wp\/v2\/posts\/29168\/revisions"}],"predecessor-version":[{"id":29169,"href":"https:\/\/www.mladibl.com\/index.php?rest_route=\/wp\/v2\/posts\/29168\/revisions\/29169"}],"wp:featuredmedia":[{"embeddable":true,"href":"https:\/\/www.mladibl.com\/index.php?rest_route=\/wp\/v2\/media\/29162"}],"wp:attachment":[{"href":"https:\/\/www.mladibl.com\/index.php?rest_route=%2Fwp%2Fv2%2Fmedia&parent=29168"}],"wp:term":[{"taxonomy":"category","embeddable":true,"href":"https:\/\/www.mladibl.com\/index.php?rest_route=%2Fwp%2Fv2%2Fcategories&post=29168"},{"taxonomy":"post_tag","embeddable":true,"href":"https:\/\/www.mladibl.com\/index.php?rest_route=%2Fwp%2Fv2%2Ftags&post=29168"}],"curies":[{"name":"wp","href":"https:\/\/api.w.org\/{rel}","templated":true}]}}