{"id":2910,"date":"2020-09-23T10:04:33","date_gmt":"2020-09-23T08:04:33","guid":{"rendered":"http:\/\/www.mladibl.com\/?p=2910"},"modified":"2020-09-23T10:04:33","modified_gmt":"2020-09-23T08:04:33","slug":"devet-decenija-razvoja-kulture-republike-srpske","status":"publish","type":"post","link":"https:\/\/www.mladibl.com\/?p=2910","title":{"rendered":"Devet decenija razvoja kulture Republike Srpske"},"content":{"rendered":"\n<p>\u201eTokom ove godine obilje\u017eavamo dva va\u017ena jubileja &#8211; devet decenija postojanja i rada dvije republi\u010dke ustanove kulture \u2013 Muzeja Republike Srpske i Narodnog pozori\u0161ta Republike Srpske, \u010diji je zna\u010daj u razvoju kulture Republike Srpske nemjerljiv i va\u017eno je da ovi jubileji budu obilje\u017eeni uprkos vanrednoj situaciji izazvanoj virusom korona\u201c, rekla je ministar prosvjete i  kulture Republike Srpske Natalija Trivi\u0107 na dana\u0161njoj konferenciji za novinare organizovanoj tim povodom u Pres centru Vlade Republike Srpske.<\/p>\n\n\n\n<p>Ona je izrazila posebno zadovoljstvo \u0161to je donesena odluka o mogu\u0107nosti prilago\u0111avanja broja publike u ustanovama kulture u skladu sa njihovim kapacitetima.<\/p>\n\n\n\n<p>\u201eNa ju\u010dera\u0161njoj sjednici Republi\u010dkog \u0161taba za vanredne situacije donesena je odluka da ustanove kulture mogu da primaju publiku u ve\u0107em broju u odnosu na dosada\u0161nja ograni\u010denja, prema novim mjerama koje propi\u0161e Institut za javno zdravstvo, a koje \u0107e biti uskla\u0111ene sa kapacitetima samih ustanova\u201c, rekla ministar Natalija Trivi\u0107.<\/p>\n\n\n\n<p>Govore\u0107i o va\u017enosti ovih ustanova kulture s aspekta istorijata njihovog rada i organizacije od osnivanja do danas, ona je posebno pohvalila umjetni\u010dki, kao i upravlja\u010dki kadar ovih ustanova koji programske aktivnosti odr\u017eavaju na zavidnom nivou, vrijednom svake pohvale.<\/p>\n\n\n\n<p>&#8220;Narodno pozori\u0161te Republike Srpske i Muzej Republike Srpske su tokom rada dugog devet decenija samo dokazivali sopstveni kredibilitet i zna\u010daj, i tako je i danas. Resorno ministarstvo u\u010dini\u0107e sve da doprinese razvoju ovih, kao i drugih ustanova kulture na najbolji mogu\u0107i na\u010din\u201c, rekla je ministar Natalija Trivi\u0107, te dodala da je u pripremi Nacrt zakona o sticanju statusa samostalnog umjetnika i samostalnog stru\u010dnjaka u kulturi, koji bi trebalo do kraja godine da se na\u0111e u skup\u0161tinskoj proceduri.<br>\nRukovodstvima i zaposlenima u Muzeju Republike Srpske i Narodnom pozori\u0161tu Republike Srpske ministar Natalija Trivi\u0107 \u010destitala je zna\u010dajan jubilej, napomenuv\u0161i da ove ustanove svojim radom najbolje govore o sebi i svojim rezultatima.<\/p>\n\n\n\n<p>Direktor Narodnog pozori\u0161te Republike Srpske Maja Dodig rekla je da umjetnost sa sobom nosi \u017ear koji ne mo\u017ee da zgasne, jer umjetnici stvaraju i u nemogu\u0107im uslovima, te da je nacionalni teatar pogled u budu\u0107nost.<\/p>\n\n\n\n<p>&#8220;Imamo 95 zaposlenih, koji su raznih profesija, od glumaca, reditelja, kostimografa, kroja\u010da, garderobera, stolara, bravara, elektri\u010dara i svi oni \u010dine na\u0161e malo bogatstvo koje nam daje pravo da ka\u017eemo da je nacionalni teatar veoma va\u017ean za na\u0161u Republiku&#8221;, rekla je Dodigova.<br>\nOna je izrazila zadovoljstvo \u0161to je do\u0161lo do prilago\u0111avanja broja publike u ustanovama kulture, te navela da \u0107e to omogu\u0107iti da se dugo o\u010dekivana premijera predstave &#8220;Dervi\u0161 i smrt&#8221; odr\u017ei u oktobru.<br>\nPovodom ovog zna\u010dajnog jubileja, sutra \u0107e u 20.00 \u010dasova u Narodnom pozori\u0161tu Republike Srpske biti odr\u017eana i sve\u010dana akademija.<\/p>\n\n\n\n<p>Direktor Muzeja Republike Srpske Miladin Savi\u0107 rekao je da ova institucija ima sedam organizacionih jedinica, u okviru kojih ima i pet odsjeka.<\/p>\n\n\n\n<p>&#8220;To ukazuje da je na\u0161 Muzej institucija kompleksnog tipa, koja u svom sastavu ima odsjek za istoriju, arheologiju, istoriju, te druge odsjeke, u kojima rade obrazovan i stru\u010dan kadar&#8221;, rekao je Savi\u0107.<br> Povodom obilje\u017eavanja 90 godina rada Muzej Republike Srpske \u0107e u \u010detvrtak, 24. septembra, u 19.00 \u010dasova organizovati izlo\u017ebu \u201eMa\u010d u kamenu\u201c, \u010diji su autori istori\u010dar Janko Vra\u010dar i arheolog Ivane Pand\u017ei\u0107.<\/p>\n\n\n\n<p>Preuzeto sa: <a href=\"https:\/\/vladars.net\/sr-SP-Cyrl\/Vlada\/Ministarstva\/mpk\/media\/vijesti\/Pages\/%D0%94%D0%B5%D0%B2%D0%B5%D1%82-%D0%B4%D0%B5%D1%86%D0%B5%D0%BD%D0%B8%D1%98%D0%B0-%D1%80%D0%B0%D0%B7%D0%B2%D0%BE%D1%98%D0%B0-%D0%BA%D1%83%D0%BB%D1%82%D1%83%D1%80%D0%B5-%D0%A0%D0%B5%D0%BF%D1%83%D0%B1%D0%BB%D0%B8%D0%BA%D0%B5-%D0%A1%D1%80%D0%BF%D1%81%D0%BA%D0%B5-.aspx\" target=\"_blank\" rel=\"noreferrer noopener\" aria-label=\"Ministarstvo prosvjete i kulture (opens in a new tab)\">Ministarstvo prosvjete i kulture<\/a><\/p>\n","protected":false},"excerpt":{"rendered":"<p>\u201eTokom ove godine obilje\u017eavamo dva va\u017ena jubileja &#8211; devet decenija postojanja i rada dvije republi\u010dke ustanove kulture \u2013 Muzeja Republike<\/p>\n","protected":false},"author":1,"featured_media":2911,"comment_status":"closed","ping_status":"open","sticky":false,"template":"","format":"standard","meta":{"om_disable_all_campaigns":false,"_monsterinsights_skip_tracking":false,"_monsterinsights_sitenote_active":false,"_monsterinsights_sitenote_note":"","_monsterinsights_sitenote_category":0,"footnotes":""},"categories":[2],"tags":[1335,1336,1083,130],"class_list":["post-2910","post","type-post","status-publish","format-standard","has-post-thumbnail","hentry","category-vijesti","tag-kutlura","tag-muzej-republike-srpska","tag-narodno-pozoriste","tag-republika-srpska"],"jetpack_featured_media_url":"https:\/\/www.mladibl.com\/wp-content\/uploads\/2020\/09\/Devet-decenija-razvoja-kulture-Republike-Srpske.png","amp_enabled":true,"_links":{"self":[{"href":"https:\/\/www.mladibl.com\/index.php?rest_route=\/wp\/v2\/posts\/2910","targetHints":{"allow":["GET"]}}],"collection":[{"href":"https:\/\/www.mladibl.com\/index.php?rest_route=\/wp\/v2\/posts"}],"about":[{"href":"https:\/\/www.mladibl.com\/index.php?rest_route=\/wp\/v2\/types\/post"}],"author":[{"embeddable":true,"href":"https:\/\/www.mladibl.com\/index.php?rest_route=\/wp\/v2\/users\/1"}],"replies":[{"embeddable":true,"href":"https:\/\/www.mladibl.com\/index.php?rest_route=%2Fwp%2Fv2%2Fcomments&post=2910"}],"version-history":[{"count":1,"href":"https:\/\/www.mladibl.com\/index.php?rest_route=\/wp\/v2\/posts\/2910\/revisions"}],"predecessor-version":[{"id":2912,"href":"https:\/\/www.mladibl.com\/index.php?rest_route=\/wp\/v2\/posts\/2910\/revisions\/2912"}],"wp:featuredmedia":[{"embeddable":true,"href":"https:\/\/www.mladibl.com\/index.php?rest_route=\/wp\/v2\/media\/2911"}],"wp:attachment":[{"href":"https:\/\/www.mladibl.com\/index.php?rest_route=%2Fwp%2Fv2%2Fmedia&parent=2910"}],"wp:term":[{"taxonomy":"category","embeddable":true,"href":"https:\/\/www.mladibl.com\/index.php?rest_route=%2Fwp%2Fv2%2Fcategories&post=2910"},{"taxonomy":"post_tag","embeddable":true,"href":"https:\/\/www.mladibl.com\/index.php?rest_route=%2Fwp%2Fv2%2Ftags&post=2910"}],"curies":[{"name":"wp","href":"https:\/\/api.w.org\/{rel}","templated":true}]}}