{"id":2860,"date":"2020-09-21T10:17:39","date_gmt":"2020-09-21T08:17:39","guid":{"rendered":"http:\/\/www.mladibl.com\/?p=2860"},"modified":"2020-09-21T10:17:41","modified_gmt":"2020-09-21T08:17:41","slug":"debata-o-socijalnom-preduzetnistvu","status":"publish","type":"post","link":"https:\/\/www.mladibl.com\/?p=2860","title":{"rendered":"Debata o socijalnom preduzetni\u0161tvu"},"content":{"rendered":"\n<p>U organizaciji Centra za razvoj dru\u0161tvenog preduzetni\u0161tva &#8220;Globus&#8221; 30.09.2020. u Banjoj Luci \u0107e biti odr\u017eana debata o razvoju socijalnog preduzetni\u0161tva, sa posebnim osvrtom na mogu\u0107nosti zapo\u0161ljavanja. <\/p>\n\n\n\n<p>Debata je jedna od zna\u010dajnih aktivnosti projekta \u201eAgenda za socijalno preduzetni\u0161tvo\u201c, koji provodi CDP \u201eGlobus\u201c uz podr\u0161ku Ambasade Kraljevine Holandije u Bosni i Hercegovini. Projekat je posve\u0107en pobolj\u0161anju prilika za zapo\u0161ljavanje i socijalno uklju\u010divanje marginalizovanih osoba (prvenstveno osoba sa invaliditetom i mladih) kroz promociju i razvoj socijalnog preduzetni\u0161tva.<\/p>\n\n\n\n<p>Debata \u0107e biti provedena uz po\u0161tovanje svih propisanih mjera za\u0161tite od korona virusa.<\/p>\n\n\n\n<p>Svi zainteresovani za u\u010de\u0161\u0107e na debati vi\u0161e informacija mogu dobiti putem e-mail-a <strong><a href=\"mailto:cdpglobus@gmail.com\" target=\"_blank\" rel=\"noreferrer noopener\" aria-label=\"cdpglobus@gmail.com (opens in a new tab)\">cdpglobus@gmail.com<\/a><\/strong><\/p>\n\n\n\n<p>Vi\u0161e informacija na: <strong><a href=\"https:\/\/www.cdpglobus.com\/novost-pregled-lat\/debata-o-socijalnom-preduzetnistvu\" target=\"_blank\" rel=\"noreferrer noopener\" aria-label=\"Centar za razvoj dru\u0161tvenog preduzetni\u0161tva Globus (opens in a new tab)\">Centar za razvoj dru\u0161tvenog preduzetni\u0161tva Globus<\/a><\/strong><\/p>\n","protected":false},"excerpt":{"rendered":"<p>U organizaciji Centra za razvoj dru\u0161tvenog preduzetni\u0161tva &#8220;Globus&#8221; 30.09.2020. u Banjoj Luci \u0107e biti odr\u017eana debata o razvoju socijalnog preduzetni\u0161tva,<\/p>\n","protected":false},"author":1,"featured_media":2861,"comment_status":"closed","ping_status":"open","sticky":false,"template":"","format":"standard","meta":{"om_disable_all_campaigns":false,"_monsterinsights_skip_tracking":false,"_monsterinsights_sitenote_active":false,"_monsterinsights_sitenote_note":"","_monsterinsights_sitenote_category":0,"footnotes":""},"categories":[6],"tags":[53,1308,1310,1309],"class_list":["post-2860","post","type-post","status-publish","format-standard","has-post-thumbnail","hentry","category-dogadjaji","tag-banja-luka","tag-debata","tag-globus","tag-socijalno-preduzetnistvo"],"jetpack_featured_media_url":"https:\/\/www.mladibl.com\/wp-content\/uploads\/2020\/09\/Debata-o-socijalnom-preduzetni\u0161tvu.jpg","amp_enabled":true,"_links":{"self":[{"href":"https:\/\/www.mladibl.com\/index.php?rest_route=\/wp\/v2\/posts\/2860","targetHints":{"allow":["GET"]}}],"collection":[{"href":"https:\/\/www.mladibl.com\/index.php?rest_route=\/wp\/v2\/posts"}],"about":[{"href":"https:\/\/www.mladibl.com\/index.php?rest_route=\/wp\/v2\/types\/post"}],"author":[{"embeddable":true,"href":"https:\/\/www.mladibl.com\/index.php?rest_route=\/wp\/v2\/users\/1"}],"replies":[{"embeddable":true,"href":"https:\/\/www.mladibl.com\/index.php?rest_route=%2Fwp%2Fv2%2Fcomments&post=2860"}],"version-history":[{"count":1,"href":"https:\/\/www.mladibl.com\/index.php?rest_route=\/wp\/v2\/posts\/2860\/revisions"}],"predecessor-version":[{"id":2862,"href":"https:\/\/www.mladibl.com\/index.php?rest_route=\/wp\/v2\/posts\/2860\/revisions\/2862"}],"wp:featuredmedia":[{"embeddable":true,"href":"https:\/\/www.mladibl.com\/index.php?rest_route=\/wp\/v2\/media\/2861"}],"wp:attachment":[{"href":"https:\/\/www.mladibl.com\/index.php?rest_route=%2Fwp%2Fv2%2Fmedia&parent=2860"}],"wp:term":[{"taxonomy":"category","embeddable":true,"href":"https:\/\/www.mladibl.com\/index.php?rest_route=%2Fwp%2Fv2%2Fcategories&post=2860"},{"taxonomy":"post_tag","embeddable":true,"href":"https:\/\/www.mladibl.com\/index.php?rest_route=%2Fwp%2Fv2%2Ftags&post=2860"}],"curies":[{"name":"wp","href":"https:\/\/api.w.org\/{rel}","templated":true}]}}