{"id":2847,"date":"2020-09-19T12:35:31","date_gmt":"2020-09-19T10:35:31","guid":{"rendered":"http:\/\/www.mladibl.com\/?p=2847"},"modified":"2020-09-19T12:35:33","modified_gmt":"2020-09-19T10:35:33","slug":"jobfair-20-edukativni-program","status":"publish","type":"post","link":"https:\/\/www.mladibl.com\/?p=2847","title":{"rendered":"JobFAIR \u201820 \u2013 Edukativni program"},"content":{"rendered":"\n<p>\u201cJobFAIR \u201820 \u2013 Edukativni program\u201d je program koji se organizuje u sklopu ovogodi\u0161njeg JobFAIR-a, sa ciljem edukacije studenata o temama i vje\u0161tinama sa kojima se nemaju priliku upoznati kroz formalno obrazovanje, a veoma su potrebne u poslovnom svijetu.<\/p>\n\n\n\n<p>Edukativni program se sastoji od niza webinara na kojima \u0107e se obra\u0111ivati teme koje poma\u017eu studentima u usavr\u0161avanju razli\u010ditih vje\u0161tina u svrhu pripreme za izlazak na trzi\u0161te rada. Neke od tema su CV, LinkedIn, Poslovna komunikacija i Razgovor za posao. Tako\u0111er, u program su uklju\u010deni i podcasti u kojima \u0107e se razgovarati sa uspje\u0161nim poslovnim ljudima iz Bosne i Hercegovine.<\/p>\n\n\n\n<p>Sadr\u017eaj programa \u0107e se realizovati tokom mjeseca oktobra, sa razli\u010ditim temama svake sedmice. Webinari \u0107e se odr\u017eavati utorkom i \u010detvrtkom, dok \u0107e podcasti biti subotom.<\/p>\n\n\n\n<p>Prijave su otvorene do nedjelje, 27.9., do kraja dana!<\/p>\n\n\n\n<p>Za sve novosti mo\u017eete pratiti zvani\u010dnu web stranicu Sajma, <strong><a href=\"http:\/\/www.jobfair.ba\" target=\"_blank\" rel=\"noreferrer noopener\" aria-label=\"www.jobfair.ba (opens in a new tab)\">www.jobfair.ba<\/a><\/strong>, kao i dru\u0161tvene mre\u017ee <strong><a rel=\"noreferrer noopener\" aria-label=\"Facebook (opens in a new tab)\" href=\"https:\/\/www.facebook.com\/JobfairIskoristiSvojuSansu\/\" target=\"_blank\">Facebook<\/a><\/strong>, <strong><a rel=\"noreferrer noopener\" aria-label=\"Instagram (opens in a new tab)\" href=\"https:\/\/www.instagram.com\/jobfair.sarajevo\" target=\"_blank\">Instagram<\/a><\/strong> i <strong><a rel=\"noreferrer noopener\" aria-label=\"LinkedIn (opens in a new tab)\" href=\"https:\/\/www.linkedin.com\/company\/18159238\" target=\"_blank\">LinkedIn<\/a><\/strong>. Ukoliko imate bilo kakvih pitanja ili nejasno\u0107a, mo\u017eete nam se javiti putem maila <strong><a rel=\"noreferrer noopener\" aria-label=\"info@jobfair.ba (opens in a new tab)\" href=\"mailto:info@jobfair.ba\" target=\"_blank\">info@jobfair.ba<\/a><\/strong> ili putem profila na dru\u0161tvenim mre\u017eama!<\/p>\n\n\n\n<p><strong><a href=\"https:\/\/forms.gle\/7CWauXCvgZumvfvp6\" target=\"_blank\" rel=\"noreferrer noopener\" aria-label=\"Prijavi se i iskoristi svoju \u0161ansu!  (opens in a new tab)\">Prijavi se i iskoristi svoju \u0161ansu! <\/a><\/strong><\/p>\n\n\n\n<p>Preuzeto sa: <a href=\"https:\/\/www.hocu.ba\/indexphp\/hocupriliku\/jobfair-20-edukativni-program\/\" target=\"_blank\" rel=\"noreferrer noopener\" aria-label=\"hocu.ba (opens in a new tab)\">hocu.ba<\/a><\/p>\n","protected":false},"excerpt":{"rendered":"<p>\u201cJobFAIR \u201820 \u2013 Edukativni program\u201d je program koji se organizuje u sklopu ovogodi\u0161njeg JobFAIR-a, sa ciljem edukacije studenata o temama<\/p>\n","protected":false},"author":1,"featured_media":2848,"comment_status":"closed","ping_status":"open","sticky":false,"template":"","format":"standard","meta":{"om_disable_all_campaigns":false,"_monsterinsights_skip_tracking":false,"_monsterinsights_sitenote_active":false,"_monsterinsights_sitenote_note":"","_monsterinsights_sitenote_category":0,"footnotes":""},"categories":[4],"tags":[1300,1299,494],"class_list":["post-2847","post","type-post","status-publish","format-standard","has-post-thumbnail","hentry","category-edukacija","tag-edukativni-program","tag-jobfair","tag-webinar"],"jetpack_featured_media_url":"https:\/\/www.mladibl.com\/wp-content\/uploads\/2020\/09\/JobFAIR-\u201820-\u2013-Edukativni-program.jpg","amp_enabled":true,"_links":{"self":[{"href":"https:\/\/www.mladibl.com\/index.php?rest_route=\/wp\/v2\/posts\/2847","targetHints":{"allow":["GET"]}}],"collection":[{"href":"https:\/\/www.mladibl.com\/index.php?rest_route=\/wp\/v2\/posts"}],"about":[{"href":"https:\/\/www.mladibl.com\/index.php?rest_route=\/wp\/v2\/types\/post"}],"author":[{"embeddable":true,"href":"https:\/\/www.mladibl.com\/index.php?rest_route=\/wp\/v2\/users\/1"}],"replies":[{"embeddable":true,"href":"https:\/\/www.mladibl.com\/index.php?rest_route=%2Fwp%2Fv2%2Fcomments&post=2847"}],"version-history":[{"count":1,"href":"https:\/\/www.mladibl.com\/index.php?rest_route=\/wp\/v2\/posts\/2847\/revisions"}],"predecessor-version":[{"id":2849,"href":"https:\/\/www.mladibl.com\/index.php?rest_route=\/wp\/v2\/posts\/2847\/revisions\/2849"}],"wp:featuredmedia":[{"embeddable":true,"href":"https:\/\/www.mladibl.com\/index.php?rest_route=\/wp\/v2\/media\/2848"}],"wp:attachment":[{"href":"https:\/\/www.mladibl.com\/index.php?rest_route=%2Fwp%2Fv2%2Fmedia&parent=2847"}],"wp:term":[{"taxonomy":"category","embeddable":true,"href":"https:\/\/www.mladibl.com\/index.php?rest_route=%2Fwp%2Fv2%2Fcategories&post=2847"},{"taxonomy":"post_tag","embeddable":true,"href":"https:\/\/www.mladibl.com\/index.php?rest_route=%2Fwp%2Fv2%2Ftags&post=2847"}],"curies":[{"name":"wp","href":"https:\/\/api.w.org\/{rel}","templated":true}]}}