{"id":28304,"date":"2023-02-16T10:22:02","date_gmt":"2023-02-16T08:22:02","guid":{"rendered":"https:\/\/www.mladibl.com\/?p=28304"},"modified":"2023-02-16T10:36:10","modified_gmt":"2023-02-16T08:36:10","slug":"javni-poziv-poslodavcima-u-bosni-i-hercegovini-i-crnoj-gori-za-zaposljavanje-mladi","status":"publish","type":"post","link":"https:\/\/www.mladibl.com\/?p=28304","title":{"rendered":"JAVNI POZIV poslodavcima u Bosni i Hercegovini i Crnoj Gori za zapo\u0161ljavanje mladi"},"content":{"rendered":"\n<p><strong>JAVNI POZIV<\/strong> <strong>poslodavcima u\u00a0Bosni i Hercegovini i Crnoj Gori<\/strong> <strong>za zapo\u0161ljavanje mladi<\/strong> <em>u okviru projekta EU potpora zapo\u0161ljivosti i mogu\u0107nostima zapo\u0161ljavanja mladih u prekograni\u010dnom podru\u010dju &#8211; Your Job<\/em><\/p>\n\n\n\n<ol class=\"wp-block-list\">\n<li><strong>OP\u0106E INFORMACIJE<\/strong><\/li>\n<\/ol>\n\n\n\n<p>U okviru projekta Your Job, kojeg financira Europska unija, Caritas Bosne i Hercegovine, u partnerstvu s Udru\u017eenjem za razvoj kompetencija \u201eS.K.I.L.L.S.\u201c, Fondacijom Biznis start centar Bar, Caritasom Barske nadbiskupije i Fondacijom Mozaik, poziva sve zainteresirane&nbsp;<strong>POSLODAVCE<\/strong>&nbsp;&#8211;&nbsp;<strong>registrirani pravni subjekti (javna ustanova, institucija, privredno dru\u0161tvo, samostalni obrt, nevladina organizacija i sl.) iz&nbsp;<\/strong><a href=\"http:\/\/cbc.bih-mne.org\/programska-oblast\/\"><strong>programskog prekograni\u010dnog podru\u010dja<\/strong><\/a><strong>&nbsp;BiH-CG<a href=\"http:\/\/caritas.ba\/hr\/natjecaji\/javni-poziv-poslodavcima-u-bih-i-crnoj-gori\/1950#_ftn1\"><strong>[1]<\/strong><\/a>,&nbsp;<\/strong>da se prijave ukoliko su zainteresirani pru\u017eiti mogu\u0107nost obavljanje prakse, pripravni\u010dkog radni\u010dkog sta\u017ea za mlade.<\/p>\n\n\n\n<p>Po javnom pozivu bit \u0107e odabrano 25 poslodavaca (minimalno po 10 u BiH i 10 u Crnoj Gori). Vrijeme trajanja pripravni\u010dkog programa je maksimalno 5 mjeseci, a projektom je predvi\u0111eno sufinanciranje u maksimalnom iznos od 480,00 EUR (<em>ili protuvrijednost u BAM<\/em>) mjese\u010dno po pripravniku\/pripravnici za bruto nadoknadu svih tro\u0161kova pripravni\u010dkog anga\u017emana.<\/p>\n\n\n\n<ol class=\"wp-block-list\" start=\"2\">\n<li><strong>OP\u0106I UVJETI<\/strong><\/li>\n<\/ol>\n\n\n\n<p>Na poziv se mogu prijaviti<strong>&nbsp;registrirani<\/strong>&nbsp;<strong>pravni subjekti (javna ustanova, institucija, privredno dru\u0161tvo, samostalni obrt, nevladina organizacija i sl.) iz&nbsp;<\/strong><a href=\"http:\/\/cbc.bih-mne.org\/programska-oblast\/\"><strong>programskog prekograni\u010dnog podru\u010dja<\/strong><\/a><strong>&nbsp;BiH-CG<a href=\"http:\/\/caritas.ba\/hr\/natjecaji\/javni-poziv-poslodavcima-u-bih-i-crnoj-gori\/1950#_ftn2\"><strong>[2]<\/strong><\/a>.<\/strong><\/p>\n\n\n\n<p><strong>Napomena:&nbsp;<\/strong>Poslodavci \u0107e prilikom potpisivanja Ugovora morati dokazati potvrdom nadle\u017enih organa kako izmiruju sve zakonom propisane obveze prema uposlenicima, te da nisu u ste\u010dajnom procesu.<\/p>\n\n\n\n<p>Vi\u0161e informacija o javnom pozivu se nalazi u&nbsp;<strong>Op\u0107im smjernicama za pripravni\u010dki i mentorski program<\/strong>. Kandidati koje \u017eele aplicirati na natje\u010daj su obvezni preuzeti Op\u0107e smjernice za pripravni\u010dki i mentorski program i obrasce za prijavu s web stranice Caritasa BiH (<a href=\"http:\/\/www.caritas.ba\/\">www.caritas.ba<\/a>) ili u&nbsp;<a href=\"https:\/\/www.lonac.pro\/home\"><strong>lonac.pro<\/strong><\/a>zajednici.<\/p>\n\n\n\n<p><a href=\"http:\/\/caritas.ba\/upload\/file\/natjecaji\/Op%C4%87e%20smjernice%20za%20Pripravni%C4%8Dki%20program.pdf\"><strong>Op\u0107e smjernice mentorskog i pripravni\u010dkog programa (Terms of References)<\/strong><\/a><\/p>\n\n\n\n<ol class=\"wp-block-list\" start=\"3\">\n<li><strong>NA\u010cIN PRIJAVE<\/strong><\/li>\n<\/ol>\n\n\n\n<p>Zainteresirani poslodavci trebaju popuniti&nbsp;<strong><a href=\"https:\/\/www.cognitoforms.com\/MozaikFoundation\/JavniPozivPoslodavcimaPripravni%C4%8DkiProgram\">Prijavni obrazac<\/a><\/strong>&nbsp;najkasnije do 15. o\u017eujka\/marta 2023. godine do 16:00 u&nbsp;<a href=\"https:\/\/www.lonac.pro\/home\"><strong>lonac.pro<\/strong><\/a>&nbsp;zajednici.<\/p>\n\n\n\n<ol class=\"wp-block-list\" start=\"4\">\n<li><strong>&nbsp;&nbsp;&nbsp;&nbsp;&nbsp; KONTAKT<\/strong><\/li>\n<\/ol>\n\n\n\n<p>Za sve dodatne informacije mo\u017eete kontaktirati jednu od dolje navedenih osoba:<\/p>\n\n\n\n<p><strong>Kontakt osoba za BiH:<\/strong>&nbsp;&nbsp;&nbsp;&nbsp;&nbsp;&nbsp;&nbsp;&nbsp;&nbsp; Miroslav Valenta, Caritas BiH, voditelj projekta<\/p>\n\n\n\n<p>Email: &nbsp;&nbsp;&nbsp;&nbsp;&nbsp;&nbsp;&nbsp;&nbsp;&nbsp;&nbsp;&nbsp;&nbsp;&nbsp;&nbsp;&nbsp;&nbsp;&nbsp;&nbsp;&nbsp;&nbsp;&nbsp;&nbsp;&nbsp;&nbsp;&nbsp;&nbsp;&nbsp;&nbsp;&nbsp;&nbsp;&nbsp;&nbsp;&nbsp;&nbsp;&nbsp;&nbsp; m.valenta@caritas.ba<\/p>\n\n\n\n<p>Telefon: &nbsp;&nbsp;&nbsp;&nbsp;&nbsp;&nbsp;&nbsp;&nbsp;&nbsp;&nbsp;&nbsp;&nbsp;&nbsp;&nbsp;&nbsp;&nbsp;&nbsp;&nbsp;&nbsp;&nbsp;&nbsp;&nbsp;&nbsp;&nbsp;&nbsp;&nbsp;&nbsp;&nbsp;&nbsp;&nbsp;&nbsp;&nbsp; + 387 63 690 464<\/p>\n\n\n\n<p><strong>Kontakt osoba za CG:<\/strong>&nbsp;&nbsp;&nbsp;&nbsp;&nbsp;&nbsp;&nbsp;&nbsp;&nbsp;&nbsp; Marija Kolovi\u0107, Caritas Barske nadbiskupije, projekt koordinator<\/p>\n\n\n\n<p>Email: &nbsp;&nbsp;&nbsp;&nbsp;&nbsp;&nbsp;&nbsp;&nbsp;&nbsp;&nbsp;&nbsp;&nbsp;&nbsp;&nbsp;&nbsp;&nbsp;&nbsp;&nbsp;&nbsp;&nbsp;&nbsp;&nbsp;&nbsp;&nbsp;&nbsp;&nbsp;&nbsp;&nbsp;&nbsp;&nbsp;&nbsp;&nbsp;&nbsp;&nbsp;&nbsp;&nbsp; marija.kolovic@gmail.com<\/p>\n\n\n\n<p>Telefon: &nbsp;&nbsp;&nbsp;&nbsp;&nbsp;&nbsp;&nbsp;&nbsp;&nbsp;&nbsp;&nbsp;&nbsp;&nbsp;&nbsp;&nbsp;&nbsp;&nbsp;&nbsp;&nbsp;&nbsp;&nbsp;&nbsp;&nbsp;&nbsp;&nbsp;&nbsp;&nbsp;&nbsp;&nbsp;&nbsp;&nbsp;&nbsp; + 382 66 150 909<\/p>\n\n\n\n<p>Preuzeto sa: <a href=\"http:\/\/caritas.ba\/hr\/natjecaji\/javni-poziv-poslodavcima-u-bih-i-crnoj-gori\/1950\" target=\"_blank\" rel=\"noreferrer noopener\">caritas.ba<\/a><\/p>\n","protected":false},"excerpt":{"rendered":"<p>JAVNI POZIV poslodavcima u\u00a0Bosni i Hercegovini i Crnoj Gori za zapo\u0161ljavanje mladi u okviru projekta EU potpora zapo\u0161ljivosti i mogu\u0107nostima<\/p>\n","protected":false},"author":1,"featured_media":28275,"comment_status":"closed","ping_status":"open","sticky":false,"template":"","format":"standard","meta":{"om_disable_all_campaigns":false,"_monsterinsights_skip_tracking":false,"_monsterinsights_sitenote_active":false,"_monsterinsights_sitenote_note":"","_monsterinsights_sitenote_category":0,"footnotes":""},"categories":[8692,370],"tags":[218,33,3387,118],"class_list":["post-28304","post","type-post","status-publish","format-standard","has-post-thumbnail","hentry","category-izdvajamo","category-ostalo","tag-javni-poziv","tag-mladi","tag-poslodavci","tag-zaposljavanje"],"jetpack_featured_media_url":"https:\/\/www.mladibl.com\/wp-content\/uploads\/2023\/02\/JAVNI-POZIV-poslodavcima-u-Bosni-i-Hercegovini-i-Crnoj-Gori-za-zaposljavanje-mladi.jpg","amp_enabled":true,"_links":{"self":[{"href":"https:\/\/www.mladibl.com\/index.php?rest_route=\/wp\/v2\/posts\/28304","targetHints":{"allow":["GET"]}}],"collection":[{"href":"https:\/\/www.mladibl.com\/index.php?rest_route=\/wp\/v2\/posts"}],"about":[{"href":"https:\/\/www.mladibl.com\/index.php?rest_route=\/wp\/v2\/types\/post"}],"author":[{"embeddable":true,"href":"https:\/\/www.mladibl.com\/index.php?rest_route=\/wp\/v2\/users\/1"}],"replies":[{"embeddable":true,"href":"https:\/\/www.mladibl.com\/index.php?rest_route=%2Fwp%2Fv2%2Fcomments&post=28304"}],"version-history":[{"count":1,"href":"https:\/\/www.mladibl.com\/index.php?rest_route=\/wp\/v2\/posts\/28304\/revisions"}],"predecessor-version":[{"id":28305,"href":"https:\/\/www.mladibl.com\/index.php?rest_route=\/wp\/v2\/posts\/28304\/revisions\/28305"}],"wp:featuredmedia":[{"embeddable":true,"href":"https:\/\/www.mladibl.com\/index.php?rest_route=\/wp\/v2\/media\/28275"}],"wp:attachment":[{"href":"https:\/\/www.mladibl.com\/index.php?rest_route=%2Fwp%2Fv2%2Fmedia&parent=28304"}],"wp:term":[{"taxonomy":"category","embeddable":true,"href":"https:\/\/www.mladibl.com\/index.php?rest_route=%2Fwp%2Fv2%2Fcategories&post=28304"},{"taxonomy":"post_tag","embeddable":true,"href":"https:\/\/www.mladibl.com\/index.php?rest_route=%2Fwp%2Fv2%2Ftags&post=28304"}],"curies":[{"name":"wp","href":"https:\/\/api.w.org\/{rel}","templated":true}]}}