{"id":28072,"date":"2023-02-09T00:10:08","date_gmt":"2023-02-08T22:10:08","guid":{"rendered":"https:\/\/www.mladibl.com\/?p=28072"},"modified":"2023-02-09T00:10:10","modified_gmt":"2023-02-08T22:10:10","slug":"literarno-takmicenje-moje-zivotno-obrazovanje","status":"publish","type":"post","link":"https:\/\/www.mladibl.com\/?p=28072","title":{"rendered":"Literarno takmi\u010denje &#8211; Moje \u017eivotno obrazovanje"},"content":{"rendered":"\n<p><a href=\"https:\/\/docs.google.com\/forms\/d\/e\/1FAIpQLSfMDp1lPDTHst6GJr-t0qWhx8OKVMJMZSH07L50lc7Fnrj3KA\/viewform?usp=sf_link\">Po\u0161alji rad<\/a><\/p>\n\n\n\n<p><strong>Pozivaju se svi zainteresovani da se prijave na Konkurs za najbolji esej 2023. Pobjednicima obezbije\u0111ene nov\u010dane nagrade.<\/strong><\/p>\n\n\n\n<p>Dragi mladi ljubitelji znanja i pisane rije\u010di!<\/p>\n\n\n\n<p id=\"E172\">Da, upravo vi, koji svoje misli artikuli\u0161ete i preto\u010davate u pisane redove. Ni\u017eete svoje spoznaje, osje\u0107anja, do\u017eivljaje.<\/p>\n\n\n\n<p>Fondacija Izvor nade i ove godine posebno njeguje pisanu rije\u010d, i pisanu formu izri\u010daja. Povodom Dana nezavisnosti Bosne i Hercegovine, raspisujemo javni poziv sa fondom nagrada.<\/p>\n\n\n\n<p id=\"E178\">Ovogodi\u0161nja tema i oblast takmi\u010denja je&nbsp;<strong>\u201cMoje \u017eivotno obrazovanje\u201d<\/strong>. Takmi\u010dari \u0107e napisati svoj osvrt na jedno od sljede\u0107ih pitanja:<\/p>\n\n\n\n<p id=\"E182\"><strong>\u2013 \u0160ta za mene predstavlja obrazovanje, i na koji na\u010din ono osloba\u0111a?<\/strong><\/p>\n\n\n\n<p id=\"E184\"><strong>\u2013 Postoji li idealan na\u010din sticanja znanja; holisti\u010dki pristup u\u010denju i cjelo\u017eivotno u\u010denje?<\/strong><\/p>\n\n\n\n<p id=\"E188\">Volimo mlade koji promi\u0161ljalju. Koji se hrane na izvorima znanja. Takve du\u0161e posebno miri\u0161u. Podsti\u010du na izvrsnost i sebe i okolinu. Kreativno i kriti\u010dki pristupaju \u017eivotnim spoznajama, okrenuti ka rje\u0161enju.<\/p>\n\n\n\n<p>U cijelom tom promi\u0161ljanju, gradimo vizije svjetova, obrazaca \u017eivljenja i \u017eivote koji bi odgovarali nama i idalnim okolnostima.<\/p>\n\n\n\n<p id=\"E192\">Kakve li vas emocije samo obuzmu kada mislite o svojim idealnim okolnostima? O znanju po va\u0161oj mjeri. Znanje, kako god ga mi definisali, odre\u0111uje na\u0161e \u017eivote. Vladamo se po znanjima. A odre\u0111uje i jednu patriu. Onaj ko ti \u017eeli dobro, podu\u010dit \u0107e te znanju. A onaj ko \u017eeli dobro svojoj geografiji, svojim rijekama, svojim planinama, \u017eivotu u punini \u2013 vladat \u0107e se po tom znanju.<\/p>\n\n\n\n<p id=\"E194\">U to ime, u ime savremenih boja znanja za pametnu budu\u0107nost, Fondacija za unapre\u0111enje kulture i obrazovanja \u201eIzvor nade\u201c sa zadovoljstvom objavljuje poziv za u\u010de\u0161\u0107e na Konkursu za najbolji esej 2023. povodom obilje\u017eavanja Dana nezavisnosti Bosne i Hercegovine, 1. marta 2023. godine.<\/p>\n\n\n\n<p id=\"E198\"><strong>Prijavite se na<\/strong><\/p>\n\n\n\n<p id=\"E200\"><strong>KONKURS ZA NAJBOLJI ESEJ POD NAZIVOM \u201eMoje \u017eivotno obrazovanje\u201c<\/strong><\/p>\n\n\n\n<p id=\"E204\">Znanje se krije svuda oko nas. I ono je u svim bojama. Ono njeguje, lije\u010di, osna\u017euje, usmjerava. Ono gradi. Gradi pametnu budu\u0107nost. Budu\u0107nost u kojoj \u017eivimo svoje geografije, svoje rijeke, svoje planine, svoju patriju.<\/p>\n\n\n\n<p id=\"E208\">Pozivamo mlade ljude da, kroz umjetni\u010dki izraz rije\u010di, nam pi\u0161u, podijele svoje misli sa nama.<\/p>\n\n\n\n<blockquote class=\"wp-block-quote is-layout-flow wp-block-quote-is-layout-flow\">\n<p id=\"E210\"><strong>Da si ti neko, kako bi izgledalo obrazovanje u Bosni i Hercegovini?<\/strong><\/p>\n\n\n\n<p id=\"E212\"><strong>\u0160ta za tebe predstavlja obrazovanje?<\/strong><\/p>\n\n\n\n<p id=\"E214\"><strong>Da li nas ono odre\u0111uje?<\/strong><\/p>\n\n\n\n<p id=\"E216\"><strong>Tvoj na\u010din obrazovanja?<\/strong><\/p>\n\n\n\n<p id=\"E218\"><strong>Tvoj na\u010din idealnog obrazovanja?<\/strong><\/p>\n\n\n\n<p id=\"E220\"><strong>Da li je obrazovanje za zauvijek?<\/strong><\/p>\n\n\n\n<p id=\"E222\"><strong>Za\u0161to se obrazujemo?<\/strong><\/p>\n\n\n\n<p id=\"E224\"><strong>Kako kulturolo\u0161ki pristupamo obrazovanju?<\/strong><\/p>\n\n\n\n<p id=\"E226\"><strong>Da li smo obrazovani?<\/strong><\/p>\n\n\n\n<p id=\"E228\"><strong>Kako pristupiti nauci i obrazovanju?<\/strong><\/p>\n\n\n\n<p id=\"E230\"><strong>Da li ikada prestaje proces obrazovanja?<\/strong><\/p>\n\n\n\n<p id=\"E232\"><strong>Na\u010din na koji \u010dovjek u\u010di i spoznaje?<\/strong><\/p>\n\n\n\n<p id=\"E234\"><strong>Tvoje najve\u0107e spoznaje?<\/strong><\/p>\n\n\n\n<p id=\"E236\"><strong>Da li obrazovanje osloba\u0111a?<\/strong><\/p>\n<\/blockquote>\n\n\n\n<p id=\"E240\">Oni koji podsti\u010du na pametnu budu\u0107nost, jer znanje zna budu\u0107nost. Znanjem za budu\u0107nost.<\/p>\n\n\n\n<p id=\"E242\">Pi\u0161ite nam, a mi \u0107emo da vas nagradimo!<\/p>\n\n\n\n<h3 class=\"wp-block-heading\" id=\"E246\"><strong>PRAVILA I USLOVI KONKURSA<\/strong><\/h3>\n\n\n\n<h4 class=\"wp-block-heading\" id=\"E248\">1. PRAVO U\u010cE\u0160\u0106A<\/h4>\n\n\n\n<p id=\"E250\">Na konkursu u\u010destvuje autor\/ica eseja, koji\/a po\u0161alje prijavu putem google obrasca. Slanjem prijave autor pristaje na uslove i pravila konkursa. Ispunjavanjem prijave, autor potvr\u0111uje autenti\u010dnost rada koji je prijavio na konkurs, preuzima odgovornost za sadr\u017eaj te potvr\u0111uje da je isti njegovo autorsko djelo. Prijavu\/google obrazac mo\u017eete na\u0107i u daljem tekstu poziva.<\/p>\n\n\n\n<p id=\"E254\">Pristigle radove pregledat \u0107e posebno formirana komisija koja \u0107e odabrati najbolje.<\/p>\n\n\n\n<p id=\"E256\">Pristiglim radovima bit \u0107e dodijeljena odgovaraju\u0107a \u0161ifra, tako da komisija ne\u0107e znati identitet autora radova do izbora najboljih.<\/p>\n\n\n\n<p id=\"E258\">Komisija \u0107e od pristiglih radova odabrati koji \u0107e dobiti prvu, drugu i tre\u0107u nagradu.<\/p>\n\n\n\n<blockquote class=\"wp-block-quote is-layout-flow wp-block-quote-is-layout-flow\">\n<p id=\"E260\">Poziv je otvoren za mlade ljude od 16 do 19 godina;<\/p>\n\n\n\n<p id=\"E262\">Aplikanti moraju biti dr\u017eavljani Bosne i Hercegovine;<\/p>\n\n\n\n<p id=\"E264\">Aplikanti se prijavljuju kao pojedinci;<\/p>\n\n\n\n<p id=\"E266\">Svaki kandidat mo\u017ee prijaviti samo jedan literarni rad \u2013 u formi eseja;<\/p>\n\n\n\n<p id=\"E268\">Rad mo\u017ee sadr\u017eavati najvi\u0161e 900 rije\u010di;<\/p>\n<\/blockquote>\n\n\n\n<p id=\"E270\">Zainteresovani se pozivaju da svoje radove po\u0161alju najkasnije&nbsp;<strong>do 23:59 CET, 20. februara 2023. godine.<\/strong><\/p>\n\n\n\n<p id=\"E272\">Objava rezultata bit \u0107e izvr\u0161ena 28. marta 2022. godine na facebook stranici fondacije Izvor nade.<\/p>\n\n\n\n<h4 class=\"wp-block-heading\" id=\"E276\">2. NAGRADE<\/h4>\n\n\n\n<p id=\"E278\">Visina nagrada:<\/p>\n\n\n\n<blockquote class=\"wp-block-quote is-layout-flow wp-block-quote-is-layout-flow\">\n<p id=\"E280\"><strong>Prva nagrada: 300,00 KM<\/strong><\/p>\n\n\n\n<p id=\"E282\"><strong>Druga nagrada: 200,00 KM<\/strong><\/p>\n\n\n\n<p id=\"E284\"><strong>Tre\u0107a nagrada: 100,00 KM<\/strong><\/p>\n<\/blockquote>\n\n\n\n<p id=\"E286\">Nagrade i priznanja \u0107e biti uru\u010deni na sve\u010danosti u organizaciji fondacije Izvor nade.<\/p>\n\n\n\n<p id=\"E288\">Nagra\u0111eni radovi \u0107e biti objavljeni na web i facebook stranici Fondacije.<\/p>\n\n\n\n<h4 class=\"wp-block-heading\" id=\"E292\">3. KAKO SE PRIJAVITI<\/h4>\n\n\n\n<p id=\"E294\">Svoje prijave \u0161aljete putem&nbsp;<a href=\"https:\/\/docs.google.com\/forms\/d\/e\/1FAIpQLSfMDp1lPDTHst6GJr-t0qWhx8OKVMJMZSH07L50lc7Fnrj3KA\/viewform?usp=sf_link\" target=\"_blank\" rel=\"noreferrer noopener\">online prijave\/google obrasca<\/a>. Prijava sadr\u017ei dio sa va\u0161im li\u010dnim podacima<\/p>\n\n\n\n<p>kao i prostor za Va\u0161 rad\/esej do 900 rije\u010di.<\/p>\n\n\n\n<h4 class=\"wp-block-heading\" id=\"E298\">4. IDEJA TAKMI\u010cENJA<\/h4>\n\n\n\n<p id=\"E300\">Takmi\u010denjem \u017eelimo promovirati vrijednosti Fondacije Izvor nade:<\/p>\n\n\n\n<ul class=\"wp-block-list\">\n<li>njegovanje kulture mira i nenasilja kroz obrazovanje,<\/li>\n\n\n\n<li>promicanje odr\u017eivog dru\u0161tvenog razvoja,<\/li>\n\n\n\n<li>promicanje po\u0161tivanja svih ljudskih prava,<\/li>\n\n\n\n<li>osiguravanje jednakosti \u017eena i mu\u0161karaca,<\/li>\n\n\n\n<li>unaprije\u0111enje razumijevanja, tolerancije i solidarnosti,<\/li>\n\n\n\n<li>podupiranje aktivne komunikacije i slobodan protok informacija i znanja,<\/li>\n\n\n\n<li>promicanje me\u0111unarodnog mira i sigurnosti,<\/li>\n\n\n\n<li>poticanje demokratskog sudjelovanja.<\/li>\n<\/ul>\n\n\n\n<p id=\"E320\">Ovom inicijativom \u017eelimo napraviti korak naprijed u promociji kulture obrazovanja koja \u0107e gra\u0111ane BIH podsta\u0107i na prepoznavanje i kreiranje vrijednosti koje grade sigurniju I pametniju budu\u0107nost.<\/p>\n\n\n\n<h5 class=\"wp-block-heading\" id=\"E324\">AUTORSKO PRAVO, ZA\u0160TITA LI\u010cNIH PODATAKA I ZA\u0160TITA PRIVATNOSTI<\/h5>\n\n\n\n<p id=\"E326\">Autor, koji je ujedno i u\u010desnik konkursa, popunjavanjem prijavnice daje pristanak Organizatoru da bez naknade mo\u017ee objavljivati prijavljene radove. Autor daje pristanak da se njegovi radovi objavljuju koliko je god to puta potrebno u smislu promocije ovoga konkursa i Organizatora op\u0107enito na dru\u0161tvenim mre\u017eama, internetskim stranicama Organizatora, izlo\u017ebama, u medijima i promotivnom materijalu te promotivnom materijalu vezanom uz projekte, doga\u0111anja, priredbe i manifestacije koje organizira Organizator ili u kojima je partner te sponzor. Organizator se obavezuje da \u0107e potpisati autora na objavljene radove gdje je to tehni\u010dki izvedivo i ne naru\u0161ava izgled kona\u010dnog proizvoda, a u smislu autorove promocije. Organizator ne odgovara za eventualno neovla\u0161teno kori\u0161tenje objavljenih radova od strane osoba koje ne organizuju konkurs. Organizator se obvezuje da \u0107e obra\u0111ivati i \u010duvati li\u010dne podatke svih kandidata te ih ne\u0107e koristiti u drugim slu\u010dajevima, koji ne podrazumijevaju konkurs, niti \u0107e ih dijeliti, a prestankom aktivnosti vezane uz konkurs, podaci se prestaju i obra\u0111ivati. Kandidat na konkurs imaju pravo zatra\u017eiti pristup svojim li\u010dnim podacima, te ispravak ili brisanje istih, \u0161to mogu u\u010diniti na adresu elektronske po\u0161te Organizatora.<\/p>\n\n\n\n<p id=\"E328\"><strong>Konkurs po\u010dinje te\u0107i od dana objave u medijima.<\/strong><\/p>\n\n\n\n<p>Preuzeto sa: <a href=\"https:\/\/izvornade.com\/literarno-takmicenje-moje-zivotno-obrazovanje\/\" target=\"_blank\" rel=\"noreferrer noopener\">izvornade.com<\/a><\/p>\n","protected":false},"excerpt":{"rendered":"<p>Po\u0161alji rad Pozivaju se svi zainteresovani da se prijave na Konkurs za najbolji esej 2023. Pobjednicima obezbije\u0111ene nov\u010dane nagrade. Dragi<\/p>\n","protected":false},"author":1,"featured_media":28044,"comment_status":"closed","ping_status":"open","sticky":false,"template":"","format":"standard","meta":{"om_disable_all_campaigns":false,"_monsterinsights_skip_tracking":false,"_monsterinsights_sitenote_active":false,"_monsterinsights_sitenote_note":"","_monsterinsights_sitenote_category":0,"footnotes":""},"categories":[1462],"tags":[10647,10648,171],"class_list":["post-28072","post","type-post","status-publish","format-standard","has-post-thumbnail","hentry","category-takmicenja","tag-literarno","tag-moje-zivotno-obrazovanje","tag-takmicenje"],"jetpack_featured_media_url":"https:\/\/www.mladibl.com\/wp-content\/uploads\/2023\/02\/Literarno-takmicenje-Moje-zivotno-obrazovanje.jpg","amp_enabled":true,"_links":{"self":[{"href":"https:\/\/www.mladibl.com\/index.php?rest_route=\/wp\/v2\/posts\/28072","targetHints":{"allow":["GET"]}}],"collection":[{"href":"https:\/\/www.mladibl.com\/index.php?rest_route=\/wp\/v2\/posts"}],"about":[{"href":"https:\/\/www.mladibl.com\/index.php?rest_route=\/wp\/v2\/types\/post"}],"author":[{"embeddable":true,"href":"https:\/\/www.mladibl.com\/index.php?rest_route=\/wp\/v2\/users\/1"}],"replies":[{"embeddable":true,"href":"https:\/\/www.mladibl.com\/index.php?rest_route=%2Fwp%2Fv2%2Fcomments&post=28072"}],"version-history":[{"count":1,"href":"https:\/\/www.mladibl.com\/index.php?rest_route=\/wp\/v2\/posts\/28072\/revisions"}],"predecessor-version":[{"id":28073,"href":"https:\/\/www.mladibl.com\/index.php?rest_route=\/wp\/v2\/posts\/28072\/revisions\/28073"}],"wp:featuredmedia":[{"embeddable":true,"href":"https:\/\/www.mladibl.com\/index.php?rest_route=\/wp\/v2\/media\/28044"}],"wp:attachment":[{"href":"https:\/\/www.mladibl.com\/index.php?rest_route=%2Fwp%2Fv2%2Fmedia&parent=28072"}],"wp:term":[{"taxonomy":"category","embeddable":true,"href":"https:\/\/www.mladibl.com\/index.php?rest_route=%2Fwp%2Fv2%2Fcategories&post=28072"},{"taxonomy":"post_tag","embeddable":true,"href":"https:\/\/www.mladibl.com\/index.php?rest_route=%2Fwp%2Fv2%2Ftags&post=28072"}],"curies":[{"name":"wp","href":"https:\/\/api.w.org\/{rel}","templated":true}]}}