{"id":27570,"date":"2023-01-24T21:46:47","date_gmt":"2023-01-24T19:46:47","guid":{"rendered":"https:\/\/www.mladibl.com\/?p=27570"},"modified":"2023-01-24T21:46:48","modified_gmt":"2023-01-24T19:46:48","slug":"brojaci-za-bicikle-nisu-dovoljni-za-razvoj-urbane-mobilnosti","status":"publish","type":"post","link":"https:\/\/www.mladibl.com\/?p=27570","title":{"rendered":"Broja\u010di za bicikle nisu dovoljni za razvoj urbane mobilnosti"},"content":{"rendered":"\n<p>Banjaluka je dobila broja\u010de bicikala na tri lokacije, a imaju\u0107i u vidu da je ovo novitet, iz Gradske uprave smatraju da je za sada dovoljan broj broja\u010da, dok sa druge strane ekolozi isti\u010du da je broj broja\u010da daleko od idealnog.<\/p>\n\n\n\n<p>Kako ka\u017eu iz Gradske uprave za &#8220;Nezavisne&#8221;, s obzirom na to da je Banjaluka prvi grad koji je dobio broja\u010de bicikala i jo\u0161 traje probni period, za sada je dovoljan broj broja\u010da.<\/p>\n\n\n\n<p>&#8220;Trenutno su svi broja\u010di u funkciji&#8221;, naveli su oni, te dodali da je broja\u010d bicikala zabilje\u017eio oko 150 biciklista dnevno od postavljanja sredinom decembra pro\u0161le godine, u naselju Borik.<\/p>\n\n\n\n<p>&#8220;U prvih dvanaest dana ove godine isti broja\u010d zabilje\u017eio je oko 1.300 biciklista&#8221;, kazali su oni, te dodali da podaci sa ostalih lokacija tek treba da budu razmotreni, s obzirom na to da im se pristupa uz pomo\u0107 pregleda\u010da, nakon \u010dega se vr\u0161i bilje\u017eenje i analiza.<\/p>\n\n\n\n<p>&#8220;Potrebno je da se dobijeni podaci i dobijena oprema iskoriste na najbolji mogu\u0107i na\u010din, jer uvid u stanje predstavlja dobru osnovu za planiranje i razvoj biciklisti\u010dkog saobra\u0107aja&#8221;, pojasnili su oni.<\/p>\n\n\n\n<p>Broja\u010di bicikala, kako ka\u017eu, imaju i afirmativnu funkciju kada je rije\u010d o kori\u0161tenju bicikla kao na\u010dina prevoza, jer omogu\u0107avaju bolju vidljivost biciklista u saobra\u0107aju i dru\u0161tvu uop\u0161te i na taj na\u010din doprinose pove\u0107anju procenta u\u010de\u0161\u0107a biciklista u saobra\u0107aju.<\/p>\n\n\n\n<p>Dragan Kabi\u0107, koordinator na programu &#8220;Transport&#8221; u okviru Centra za za\u0161titu sredine, potvrdio je za &#8220;Nezavisne&#8221; da je broj broja\u010da daleko od idealnog, ali mo\u017ee da poslu\u017ei kao pokazatelj odre\u0111enih podataka koji se mogu iskoristiti za dalje analize.<\/p>\n\n\n\n<p>&#8220;Ovo je od velikog zna\u010daja, budu\u0107i da Gradska uprava, do ovih broja\u010da, skoro pa nikada nije prikupljala bilo kakve podatke u vezi sa biciklisti\u010dkim saobra\u0107ajem, a o ozbiljnim analizama da ne pri\u010dam&#8221;, rekao je Kabi\u0107, te dodao da se na urbanoj mobilnosti ne radi dovoljno u ovom gradu.<\/p>\n\n\n\n<p>&#8220;I kada se radi, sve se \u010dini vi\u0161e kao \u0161minkanje i ganjanje trenda, nego kao ozbiljan pristup&#8221;, naveo je Kabi\u0107.<\/p>\n\n\n\n<p>Dodaje da je postavljanje broja\u010da zna\u010dajno, ali njih nema dovoljno u gradu da bi uticali na razvoj urbane mobilnosti i svijest o benefitima nemotorizovanih vidova transporta po \u017eivotnu sredinu.<\/p>\n\n\n\n<p>Mario Crnkovi\u0107 iz Udru\u017eenja &#8220;Green team&#8221; ka\u017ee za &#8220;Nezavisne&#8221; da su broja\u010di bicikala lijepa ideja, ali jo\u0161 bi ljep\u0161e bilo vidjeti podatke o kvalitetu vazduha u realnom vremenu, koji nikako da do\u0111u pred o\u010di javnosti.<\/p>\n\n\n\n<p>&#8220;Gra\u0111anima se konstantno prezentuju prosje\u010dne vrijednosti za prethodni period, te se name\u0107e pitanje, koliko nam je va\u017ena informacija da smo ju\u010de udisali izuzetno zaga\u0111en vazduh, ali bitnije nam je da znamo u realnom vremenu kada gra\u0111ani mogu bez posljedica po zdravlje boraviti na otvorenom, naro\u010dito kada uzmemo u obzir to da je BiH po pitanju aerozaga\u0111enja u evropskom i svjetskom vrhu&#8221;, zaklju\u010dio je Crnkovi\u0107.<\/p>\n\n\n\n<p>Preuzeto sa: <a href=\"https:\/\/www.nezavisne.com\/novosti\/banjaluka\/Brojaci-za-bicikle-nisu-dovoljni-za-razvoj-urbane-mobilnosti\/755286\" target=\"_blank\" rel=\"noreferrer noopener\">nezavisne.com<\/a><\/p>\n","protected":false},"excerpt":{"rendered":"<p>Banjaluka je dobila broja\u010de bicikala na tri lokacije, a imaju\u0107i u vidu da je ovo novitet, iz Gradske uprave smatraju<\/p>\n","protected":false},"author":1,"featured_media":27561,"comment_status":"closed","ping_status":"open","sticky":false,"template":"","format":"standard","meta":{"om_disable_all_campaigns":false,"_monsterinsights_skip_tracking":false,"_monsterinsights_sitenote_active":false,"_monsterinsights_sitenote_note":"","_monsterinsights_sitenote_category":0,"footnotes":""},"categories":[2],"tags":[53,2486,10516,600,8056],"class_list":["post-27570","post","type-post","status-publish","format-standard","has-post-thumbnail","hentry","category-vijesti","tag-banja-luka","tag-bicikli","tag-brojaci","tag-razvoj","tag-urbana-mobilnost"],"jetpack_featured_media_url":"https:\/\/www.mladibl.com\/wp-content\/uploads\/2023\/01\/Brojaci-za-bicikle-nisu-dovoljni-za-razvoj-urbane-mobilnosti.jpg","amp_enabled":true,"_links":{"self":[{"href":"https:\/\/www.mladibl.com\/index.php?rest_route=\/wp\/v2\/posts\/27570","targetHints":{"allow":["GET"]}}],"collection":[{"href":"https:\/\/www.mladibl.com\/index.php?rest_route=\/wp\/v2\/posts"}],"about":[{"href":"https:\/\/www.mladibl.com\/index.php?rest_route=\/wp\/v2\/types\/post"}],"author":[{"embeddable":true,"href":"https:\/\/www.mladibl.com\/index.php?rest_route=\/wp\/v2\/users\/1"}],"replies":[{"embeddable":true,"href":"https:\/\/www.mladibl.com\/index.php?rest_route=%2Fwp%2Fv2%2Fcomments&post=27570"}],"version-history":[{"count":1,"href":"https:\/\/www.mladibl.com\/index.php?rest_route=\/wp\/v2\/posts\/27570\/revisions"}],"predecessor-version":[{"id":27571,"href":"https:\/\/www.mladibl.com\/index.php?rest_route=\/wp\/v2\/posts\/27570\/revisions\/27571"}],"wp:featuredmedia":[{"embeddable":true,"href":"https:\/\/www.mladibl.com\/index.php?rest_route=\/wp\/v2\/media\/27561"}],"wp:attachment":[{"href":"https:\/\/www.mladibl.com\/index.php?rest_route=%2Fwp%2Fv2%2Fmedia&parent=27570"}],"wp:term":[{"taxonomy":"category","embeddable":true,"href":"https:\/\/www.mladibl.com\/index.php?rest_route=%2Fwp%2Fv2%2Fcategories&post=27570"},{"taxonomy":"post_tag","embeddable":true,"href":"https:\/\/www.mladibl.com\/index.php?rest_route=%2Fwp%2Fv2%2Ftags&post=27570"}],"curies":[{"name":"wp","href":"https:\/\/api.w.org\/{rel}","templated":true}]}}