{"id":27401,"date":"2023-01-19T00:00:36","date_gmt":"2023-01-18T22:00:36","guid":{"rendered":"https:\/\/www.mladibl.com\/?p=27401"},"modified":"2023-01-19T00:00:38","modified_gmt":"2023-01-18T22:00:38","slug":"regionalni-virtuelni-sajam-obrazovanja-na-koji-ces-faks","status":"publish","type":"post","link":"https:\/\/www.mladibl.com\/?p=27401","title":{"rendered":"Regionalni virtuelni sajam obrazovanja \u201eNa koji \u0107e\u0161 faks?\u201c"},"content":{"rendered":"\n<p>\u010cetvrti ciklus Regionalnog virtuelnog sajma obrazovanja pod nazivom \u201eNa koji \u0107e\u0161 faks?\u201c zvani\u010dno je po\u010deo 17. novembra 2022. godine na Me\u0111unarodni dan studenata. Svi posetioci mogu da pristupe platformi potpuno besplatno putem linka sa ra\u010dunara ili mobilnog ure\u0111aja. I ove godine projekat je podr\u017ean od strane Ministarstva prosvete Republike Srbije. Razgovorom moderatorke, Rijalde Mujezinovi\u0107 i pomo\u0107nika ministra za me\u0111unarodnu saradnju i evropske integracije, doktorom Aleksandarom Jovi\u0107em koji je govorio ispred Ministartsva, sajam je sve\u010dano otvoren.<\/p>\n\n\n\n<p>Doktor Jovi\u0107 je istakao da se Ministarstvo trudi da uvek podr\u017ei aktivnosti poput ovog sajma, te i da nije iznena\u0111uju\u0107e da virtueni doga\u0111aji i dalje nailaze na veliko interesovanje kako smo se svi upoznali i navikli na takav na\u010din rada za vreme epidemiolo\u0161ke situacije sa korona virusom.<\/p>\n\n\n\n<p>Ovogodi\u0161nji gosti sve\u010danog otvaranja sajma su pored doktora Jovi\u0107a bili <strong>Aljo\u0161a Bagola<\/strong>, slovena\u010dki autor bestselera, kreativni direktor i predava\u010d, <strong>Nina Sko\u010dak<\/strong>, kreatorka TikTok sadr\u017eaja, biv\u0161a Schuman pripravnica u Evropskom parlamentu i specijalistkinja za komunikacije i <strong>Mila Antonovi\u0107<\/strong>, Studentkinja Queen Mary Univerziteta u Londonu, direktorka OSSI UK ogranka i upravnica doga\u0111aja u Historic Royal Palaces u London.<\/p>\n\n\n\n<p>Celo<strong> sve\u010dano otvaranje<\/strong> mo\u017eete pogledati na linku <a href=\"https:\/\/nakojicesfaks.com\/live\/29\" target=\"_blank\" rel=\"noreferrer noopener\"><strong>ovde<\/strong><\/a>.<\/p>\n\n\n\n<p>Podse\u0107amo vas da Regionalni virtuelni sajam obrazovanja \u201cNa koji \u0107e\u0161 faks?\u201d na jednom mestu okuplja visoko\u0161kolske ustanove i kompanije iz zemalja regiona (Srbija, Slovenija, Hrvatska, Bosna i Hercegovina, Severna Makedonija i Crna Gora). Sajam traje 11 meseci, a za cilj ima podizanja svesti o va\u017enosti obrazovanja, kao i da mladima pru\u017ei jedinstvenu mogu\u0107nost da se u interaktivnom online okru\u017eenju lako informi\u0161u o nastavku svog obrazovanja i budu\u0107oj karijeri bez obzira na to gde se nalaze. Pored brojnih akademskih i karijernih aktivnosti tokom trajanja sajma koje za cilj imaju da pomognu mladima da donesu bitnu odluku o nastavku svog obrazovanja i upoznaju se sa budu\u0107om karijerom, bi\u0107e organizovane i ekolo\u0161ke i dobrotvorne akcije na regionalnom nivou.&nbsp;<\/p>\n\n\n\n<p>Posetom sajma, mladi i njihovi roditelji \u0107e imati priliku da se upoznaju sa mogu\u0107nostima upisa osnovih, master i doktorskih studija na visoko\u0161kolskim ustanovama u zemlji i regionu. Tokom 11 meseci trajanja sajma, fakulteti \u0107e predstavljati svoje studijske programe, ali \u0107e biti organizovani i tematski doga\u0111aji (Dani ekonomije, medicine, IT-ja i tome sli\u010dno) sa ciljem pru\u017eanja \u0161to relevantnijih informacija mladima o mogu\u0107nostima za dalji akademski i karijerni razvoj. Panel diskusije, okrugli stolovi, radionice i mnoge druge planirane aktivnosti na sajmu bi\u0107e organizovane online na samoj platformi uz pomo\u0107 predstavnika fakulteta i kompanija, alumnih i sada\u0161njih studenata, influensera, uticajnih i uspe\u0161nih mladih ljudi.&nbsp;<\/p>\n\n\n\n<p>Nakon pro\u0161logodi\u0161njeg sajma, 5% od svake kotizacije bilo je donirano u humanitarne svrhe. Sa \u017eeljom da se ta tradicija nastavi, svi zainteresovani su pozvani da se priklju\u010de i ove godine. Ekolo\u0161ki problemi su postali sve \u010de\u0161\u0107i. Aktivnim uklju\u010divanjem svakog od nas, mo\u017eemo doprineti unapre\u0111enju \u017eivotne sredine i dru\u0161tva. Ba\u0161 zato \u0107e sve akcije od strane organizatora imati za cilj da podignu svest o zna\u010daju re\u0161avanja ekolo\u0161ih problema, kao i da se pove\u017eu sve putem dru\u0161tveno &#8211; korisnih aktivnosti.<\/p>\n\n\n\n<p>Vi\u0161e informacija mo\u017eete prona\u0107i na:&nbsp;<\/p>\n\n\n\n<p><a href=\"https:\/\/nakojicesfaks.com\/\" target=\"_blank\" rel=\"noreferrer noopener\">https:\/\/nakojicesfaks.com\/<\/a><\/p>\n\n\n\n<p><a href=\"https:\/\/www.instagram.com\/nakojicesfaks\/\" target=\"_blank\" rel=\"noreferrer noopener\">https:\/\/www.instagram.com\/nakojicesfaks\/<\/a><\/p>\n\n\n\n<p><a href=\"https:\/\/www.tiktok.com\/@nakojicesfaks\" target=\"_blank\" rel=\"noreferrer noopener\">https:\/\/www.tiktok.com\/@nakojicesfaks<\/a><\/p>\n\n\n\n<p><a href=\"https:\/\/www.facebook.com\/nakojicesfaks\" target=\"_blank\" rel=\"noreferrer noopener\">https:\/\/www.facebook.com\/nakojicesfaks<\/a><\/p>\n\n\n\n<p>O organizatorima:<\/p>\n\n\n\n<p>Friendly HR je kompanija koja za cilj ima da pomogne mladima na njihovom putu akademskog i karijernog usavr\u0161avanja. Pored podr\u0161ke kroz mnogobrojne edukacije, Friendly HR nudi mogu\u0107nost karijernog savetovanja, kao i pomo\u0107 pri pisanju CV-ja i motivacionih pisama i pripremu za intervju. Sa sedi\u0161tem u Beogradu, Friendly HR je uspeo da okupi grupu naizgled nepoveznih ljudi, razli\u010ditih puteva i znanja koje su povezale zajedni\u010dke vrednosti, kao i ista vizija i misija.\u00a0<\/p>\n\n\n\n<p>Izvor: Saop\u0161tenje<\/p>\n","protected":false},"excerpt":{"rendered":"<p>\u010cetvrti ciklus Regionalnog virtuelnog sajma obrazovanja pod nazivom \u201eNa koji \u0107e\u0161 faks?\u201c zvani\u010dno je po\u010deo 17. novembra 2022. godine na<\/p>\n","protected":false},"author":1,"featured_media":27380,"comment_status":"closed","ping_status":"open","sticky":false,"template":"","format":"standard","meta":{"om_disable_all_campaigns":false,"_monsterinsights_skip_tracking":false,"_monsterinsights_sitenote_active":false,"_monsterinsights_sitenote_note":"","_monsterinsights_sitenote_category":0,"footnotes":""},"categories":[370],"tags":[9678,10478],"class_list":["post-27401","post","type-post","status-publish","format-standard","has-post-thumbnail","hentry","category-ostalo","tag-na-koji-ces-faks","tag-regionalni-virtuelni-sajam"],"jetpack_featured_media_url":"https:\/\/www.mladibl.com\/wp-content\/uploads\/2023\/01\/regionalni-virtuelni-sajam-obrazovanja-Na-koji-ces-faks.jpg","amp_enabled":true,"_links":{"self":[{"href":"https:\/\/www.mladibl.com\/index.php?rest_route=\/wp\/v2\/posts\/27401","targetHints":{"allow":["GET"]}}],"collection":[{"href":"https:\/\/www.mladibl.com\/index.php?rest_route=\/wp\/v2\/posts"}],"about":[{"href":"https:\/\/www.mladibl.com\/index.php?rest_route=\/wp\/v2\/types\/post"}],"author":[{"embeddable":true,"href":"https:\/\/www.mladibl.com\/index.php?rest_route=\/wp\/v2\/users\/1"}],"replies":[{"embeddable":true,"href":"https:\/\/www.mladibl.com\/index.php?rest_route=%2Fwp%2Fv2%2Fcomments&post=27401"}],"version-history":[{"count":1,"href":"https:\/\/www.mladibl.com\/index.php?rest_route=\/wp\/v2\/posts\/27401\/revisions"}],"predecessor-version":[{"id":27402,"href":"https:\/\/www.mladibl.com\/index.php?rest_route=\/wp\/v2\/posts\/27401\/revisions\/27402"}],"wp:featuredmedia":[{"embeddable":true,"href":"https:\/\/www.mladibl.com\/index.php?rest_route=\/wp\/v2\/media\/27380"}],"wp:attachment":[{"href":"https:\/\/www.mladibl.com\/index.php?rest_route=%2Fwp%2Fv2%2Fmedia&parent=27401"}],"wp:term":[{"taxonomy":"category","embeddable":true,"href":"https:\/\/www.mladibl.com\/index.php?rest_route=%2Fwp%2Fv2%2Fcategories&post=27401"},{"taxonomy":"post_tag","embeddable":true,"href":"https:\/\/www.mladibl.com\/index.php?rest_route=%2Fwp%2Fv2%2Ftags&post=27401"}],"curies":[{"name":"wp","href":"https:\/\/api.w.org\/{rel}","templated":true}]}}