{"id":26997,"date":"2023-01-05T00:45:46","date_gmt":"2023-01-04T22:45:46","guid":{"rendered":"https:\/\/www.mladibl.com\/?p=26997"},"modified":"2023-01-05T01:00:04","modified_gmt":"2023-01-04T23:00:04","slug":"javni-poziv-dodjela-grant-sredstava-za-medije","status":"publish","type":"post","link":"https:\/\/www.mladibl.com\/?p=26997","title":{"rendered":"Javni poziv: Dodjela grant sredstava za medije"},"content":{"rendered":"\n<p>Centar za promociju civilnog dru\u0161tva u okviru projekta Misli o prirodi! kojeg finansijski podr\u017eava \u0160vedska raspisuje javni poziv za dodjelu grant sredstava za&nbsp;<strong>medije.<\/strong><\/p>\n\n\n\n<p>Osnovni cilj projekta jeste pove\u0107ati uticaj civilnog dru\u0161tva u za\u0161titi okoli\u0161a kroz umre\u017eavanje organizacija civilnog dru\u0161tva (OCD), institucija, stru\u010dnih lica, medija i mladih za zajedni\u010dko, sinhronizirano i sna\u017eno djelovanje na lokalnom nivou. Dodatni zna\u010daj projekta predstavlja doprinos provo\u0111enju zahtjeva Evropske unije i me\u0111unarodnih sporazuma iz oblasti okoli\u0161a, klime i energije koje je Bosna i Hercegovina ratificirala.<\/p>\n\n\n\n<p>Kompleksnost pitanja okoli\u0161a zahtjeva kontinuiranu prisutnost na lokalnom nivou, ekspertizu u oblasti za\u0161tite okoli\u0161a, umre\u017eenost sa lokalnim akterima, mogu\u0107nost komunikacije sa mladima, \u0161kolama i medijima, te kapacitete za pru\u017eanje edukativne i stru\u010dne podr\u0161ke drugim organizacijama i \u0161kolama.<\/p>\n\n\n\n<p>Okoli\u0161 je medijski nedovoljno obra\u0111ena tema, a ve\u0107ina ve\u0107 razvijenih medijskih \u010dlanaka, emisija i sadr\u017eaja op\u0107enito vezana je za doga\u0111aje, a ne za doprinos osnovnom cilju. Istovremeno, mediji nisu dovoljno osna\u017eeni i financijski stabilni da bi problematiku okoli\u0161a tretirali na sveobuhvatan, analiti\u010dki i kriti\u010dki na\u010din.<\/p>\n\n\n\n<p>Medijska pokrivenost pitanja za\u0161tite okoli\u0161a se unaprije\u0111uje tokom realizacije projekta Misli o prirodi! kroz sistemati\u010dan pristup medijima, novinarima i novinarkama, ali i rje\u0161avanju izazova sa kojima se suo\u010davaju prilikom rada na medijskim sadr\u017eajima iz oblasti za\u0161tite okoli\u0161a.<\/p>\n\n\n\n<p>Cijeli poziv mo\u017eete prona\u0107i\u00a0<a href=\"https:\/\/mislioprirodi.ba\/wp-content\/uploads\/2022\/12\/Javni-poziv-mediji.docx\" target=\"_blank\" rel=\"noreferrer noopener\"><strong>OVDJE.<\/strong><\/a><\/p>\n\n\n\n<p>Za podno\u0161enje prijava potrebno je dostaviti projektnu i dodatnu dokumentaciju isklju\u010divo putem e-mail adrese&nbsp;<strong>grantovi@mislioprirodi.ba.<\/strong><\/p>\n\n\n\n<p>Rok za postavljanje pitanja u vezi javnog poziva je&nbsp;<strong>27.1.2023.<\/strong>&nbsp;godine, dok je rok za postavljanje odgvora&nbsp;<strong>31.1.2023.<\/strong><\/p>\n\n\n\n<p>Krajnji rok za dostavljanje dokumentacije za podno\u0161enje prijave prijedloga projekta je<strong>&nbsp;7.2.2023. godine do 23:59h<\/strong><\/p>\n\n\n\n<p>Potrebnu prate\u0107u dokumentaciju mo\u017eete preuzeti u nastavku:<\/p>\n\n\n\n<ul class=\"wp-block-list\">\n<li><a href=\"https:\/\/mislioprirodi.ba\/wp-content\/uploads\/2022\/12\/Annex-1-Prijedlog-projekta-1.docx\" target=\"_blank\" rel=\"noreferrer noopener\"><strong>ANNEX 1 \u2013 Prijedlog projekta<\/strong><\/a><\/li>\n\n\n\n<li><a href=\"https:\/\/mislioprirodi.ba\/wp-content\/uploads\/2022\/12\/Annex-2-Budzet-2.xlsx\" target=\"_blank\" rel=\"noreferrer noopener\"><strong>ANNEX 2 \u2013 Bud\u017eet projekta<\/strong><\/a><\/li>\n\n\n\n<li><a href=\"https:\/\/mislioprirodi.ba\/wp-content\/uploads\/2022\/12\/Annex-3-Partnerska-izjava-1.docx.doc-1.docx\"><strong>ANNEX 3 \u2013 Partne<\/strong><\/a><strong><a href=\"https:\/\/mislioprirodi.ba\/wp-content\/uploads\/2022\/12\/Annex-3-Partnerska-izjava-1.docx.doc-1.docx\" target=\"_blank\" rel=\"noreferrer noopener\">r<\/a><\/strong><a href=\"https:\/\/mislioprirodi.ba\/wp-content\/uploads\/2022\/12\/Annex-3-Partnerska-izjava-1.docx.doc-1.docx\"><strong>ska izjava<\/strong><\/a><\/li>\n<\/ul>\n\n\n\n<p>Preuzeto sa: <a href=\"https:\/\/mislioprirodi.ba\/javni-poziv-dodjela-grant-sredstava-za-medije\/\" target=\"_blank\" rel=\"noreferrer noopener\">mislioprirodi.ba<\/a><\/p>\n","protected":false},"excerpt":{"rendered":"<p>Centar za promociju civilnog dru\u0161tva u okviru projekta Misli o prirodi! kojeg finansijski podr\u017eava \u0160vedska raspisuje javni poziv za dodjelu<\/p>\n","protected":false},"author":1,"featured_media":26976,"comment_status":"closed","ping_status":"open","sticky":false,"template":"","format":"standard","meta":{"om_disable_all_campaigns":false,"_monsterinsights_skip_tracking":false,"_monsterinsights_sitenote_active":false,"_monsterinsights_sitenote_note":"","_monsterinsights_sitenote_category":0,"footnotes":""},"categories":[7,8692],"tags":[1730,218,247,214],"class_list":["post-26997","post","type-post","status-publish","format-standard","has-post-thumbnail","hentry","category-grantovi","category-izdvajamo","tag-grant","tag-javni-poziv","tag-mediji","tag-misli-o-prirodi"],"jetpack_featured_media_url":"https:\/\/www.mladibl.com\/wp-content\/uploads\/2023\/01\/Javni-poziv-Dodjela-grant-sredstava-za-medije.jpg","amp_enabled":true,"_links":{"self":[{"href":"https:\/\/www.mladibl.com\/index.php?rest_route=\/wp\/v2\/posts\/26997","targetHints":{"allow":["GET"]}}],"collection":[{"href":"https:\/\/www.mladibl.com\/index.php?rest_route=\/wp\/v2\/posts"}],"about":[{"href":"https:\/\/www.mladibl.com\/index.php?rest_route=\/wp\/v2\/types\/post"}],"author":[{"embeddable":true,"href":"https:\/\/www.mladibl.com\/index.php?rest_route=\/wp\/v2\/users\/1"}],"replies":[{"embeddable":true,"href":"https:\/\/www.mladibl.com\/index.php?rest_route=%2Fwp%2Fv2%2Fcomments&post=26997"}],"version-history":[{"count":1,"href":"https:\/\/www.mladibl.com\/index.php?rest_route=\/wp\/v2\/posts\/26997\/revisions"}],"predecessor-version":[{"id":26998,"href":"https:\/\/www.mladibl.com\/index.php?rest_route=\/wp\/v2\/posts\/26997\/revisions\/26998"}],"wp:featuredmedia":[{"embeddable":true,"href":"https:\/\/www.mladibl.com\/index.php?rest_route=\/wp\/v2\/media\/26976"}],"wp:attachment":[{"href":"https:\/\/www.mladibl.com\/index.php?rest_route=%2Fwp%2Fv2%2Fmedia&parent=26997"}],"wp:term":[{"taxonomy":"category","embeddable":true,"href":"https:\/\/www.mladibl.com\/index.php?rest_route=%2Fwp%2Fv2%2Fcategories&post=26997"},{"taxonomy":"post_tag","embeddable":true,"href":"https:\/\/www.mladibl.com\/index.php?rest_route=%2Fwp%2Fv2%2Ftags&post=26997"}],"curies":[{"name":"wp","href":"https:\/\/api.w.org\/{rel}","templated":true}]}}