{"id":2694,"date":"2020-09-03T17:46:30","date_gmt":"2020-09-03T15:46:30","guid":{"rendered":"http:\/\/www.mladibl.com\/?p=2694"},"modified":"2020-09-03T17:46:32","modified_gmt":"2020-09-03T15:46:32","slug":"otvoren-poziv-za-ucesce-u-programu-sema-evropske-unije-za-mlade-profesionalce","status":"publish","type":"post","link":"https:\/\/www.mladibl.com\/?p=2694","title":{"rendered":"Otvoren poziv za u\u010de\u0161\u0107e u Programu \u201e\u0160ema Evropske unije za mlade profesionalce\u201c"},"content":{"rendered":"\n<p>\u200bU okviru Programa \u201e\u0160ema Evropske unije za mlade profesionalce&#8221; objavljen je poziv za prijavu dr\u017eavnih slu\u017ebenika za u\u010de\u0161\u0107e na prvom od dva planirana ciklusa obuka koje \u0107e se organizovati kroz ovaj program. Poziv je  otvoren do 20. septembra 2020. godine.<\/p>\n\n\n\n<p>Program je usmjeren na izgradnju stru\u010dnih kapaciteta i pripremu nove generacije dr\u017eavnih slu\u017ebenika i kreatora politika koji \u0107e biti zadu\u017eeni za proces pridru\u017eivanja i koji \u0107e pokretati i voditi budu\u0107e promjene u svojim dru\u0161tvima, naro\u010dito one koje se zahtijevaju Sporazumom o stabilizaciji i pridru\u017eivanju i pristupanjem pregovara\u010dkom procesu. Tako\u0111e, Program za cilj ima i podsticanje njihove me\u0111usobne povezanosti i mobilnosti kroz programe razmjene unutar BiH i programa za mobilnost na Zapadnom Balkanu.<\/p>\n\n\n\n<p>Od 2020. do 2022. organizova\u0107e se dva ciklusa obuka za ukupno 50 dr\u017eavnih slu\u017ebenika sa svih nivoa vlasti u BiH (25 po ciklusu). Ukupni anga\u017eman u\u010desnika po ciklusu je osam sedmica tokom \u0161est mjeseci, a tro\u0161kove u\u010de\u0161\u0107a u Programu snosi organizator.<\/p>\n\n\n\n<p>U prvom ciklusu, raspored de\u0161avanja je sljede\u0107i:  <\/p>\n\n\n\n<ul class=\"wp-block-list\"><li>prvi modul obuka (2 sedmice) \u2013 2-13. novembar 2020. godine,<\/li><li>drugi model obuka (2 sedmice) \u2013 30. novembar \u2013 11. decembar 2020. godine,<\/li><li>program regionalne razmjene u zemljama Zapadnog Balkana (1 sedmica) \u2013 februar 2021. godine,<\/li><li>program razmjene unutar BiH (2 sedmice) \u2013 mart i april 2021. godine,<\/li><li>studijska posjeta Belgiji (1 sedmica) \u2013 maj ili jun 2021. godine.<\/li><\/ul>\n\n\n\n<p>Kako bi kandidat bio uzet u obzir prilikom odabira, potrebno je:<\/p>\n\n\n\n<ul class=\"wp-block-list\"><li>da je dr\u017eavljanin BiH koji u\u017eiva politi\u010dka i gra\u0111anska prava;<\/li><li>da je dr\u017eavni slu\u017ebenik sa 1-7 godina radnog iskustva u oblasti evropskih integracija;<\/li><li>da posjeduje univerzitetsku diplomu ili akademske kvalifikacije najmanje VII stepena stru\u010dne spreme, tj. visoko obrazovanje prvog i\/ili drugog ciklusa Bolonjskog sistema studiranja;<\/li><li>da te\u010dno govori engleski jezik (najmanje vi\u0161i srednji stepen (B2));<\/li><li>da mo\u017ee prisustvovati svim planiranim etapama ciklusa za koji se prijavi (kako je navedeno iznad).<\/li><\/ul>\n\n\n\n<p>Vi\u0161e informacija o ovom programu, prijavne obrasce i uputstva, svi zainteresovani mogu prona\u0107i na sljede\u0107em linku: <strong><a href=\"https:\/\/eu4wb6.com\/\" target=\"_blank\" rel=\"noreferrer noopener\" aria-label=\"https:\/\/eu4wb6.com\/ (opens in a new tab)\">https:\/\/eu4wb6.com\/<\/a><\/strong>.<\/p>\n\n\n\n<p>Preuzeto sa: <a href=\"https:\/\/vladars.net\/sr-SP-Cyrl\/Vlada\/Ministarstva\/meoi\/media\/Vijesti\/Pages\/%D0%9E%D1%82%D0%B2%D0%BE%D1%80%D0%B5%D0%BD-%D0%BF%D0%BE%D0%B7%D0%B8%D0%B2-%D0%B7%D0%B0-%D1%83%D1%87%D0%B5%D1%88%D1%9B%D0%B5-%D1%83-%D0%9F%D1%80%D0%BE%D0%B3%D1%80%D0%B0%D0%BC%D1%83-%E2%80%9E%D0%A8%D0%B5%D0%BC%D0%B0-%D0%95%D0%B2%D1%80%D0%BE%D0%BF%D1%81%D0%BA%D0%B5-%D1%83%D0%BD%D0%B8%D1%98%D0%B5-%D0%B7%D0%B0-%D0%BC%D0%BB%D0%B0%D0%B4%D0%B5-%D0%BF%D1%80%D0%BE%D1%84%D0%B5%D1%81%D0%B8%D0%BE%D0%BD%D0%B0%D0%BB%D1%86%D0%B5%E2%80%9C.aspx\" target=\"_blank\" rel=\"noreferrer noopener\" aria-label=\"Ministarstvo za evropske integracije i me\u0111unarodnu saradnju (opens in a new tab)\">Ministarstvo za evropske integracije i me\u0111unarodnu saradnju<\/a><\/p>\n","protected":false},"excerpt":{"rendered":"<p>\u200bU okviru Programa \u201e\u0160ema Evropske unije za mlade profesionalce&#8221; objavljen je poziv za prijavu dr\u017eavnih slu\u017ebenika za u\u010de\u0161\u0107e na prvom<\/p>\n","protected":false},"author":1,"featured_media":2695,"comment_status":"closed","ping_status":"open","sticky":false,"template":"","format":"standard","meta":{"om_disable_all_campaigns":false,"_monsterinsights_skip_tracking":false,"_monsterinsights_sitenote_active":false,"_monsterinsights_sitenote_note":"","_monsterinsights_sitenote_category":0,"footnotes":""},"categories":[4],"tags":[1061,1222,325,1221],"class_list":["post-2694","post","type-post","status-publish","format-standard","has-post-thumbnail","hentry","category-edukacija","tag-evropska-unija","tag-mladi-profesionalci","tag-obuka","tag-sema"],"jetpack_featured_media_url":"https:\/\/www.mladibl.com\/wp-content\/uploads\/2020\/09\/eu-scheme-for-young-professionals-in-BiH.jpg","amp_enabled":true,"_links":{"self":[{"href":"https:\/\/www.mladibl.com\/index.php?rest_route=\/wp\/v2\/posts\/2694","targetHints":{"allow":["GET"]}}],"collection":[{"href":"https:\/\/www.mladibl.com\/index.php?rest_route=\/wp\/v2\/posts"}],"about":[{"href":"https:\/\/www.mladibl.com\/index.php?rest_route=\/wp\/v2\/types\/post"}],"author":[{"embeddable":true,"href":"https:\/\/www.mladibl.com\/index.php?rest_route=\/wp\/v2\/users\/1"}],"replies":[{"embeddable":true,"href":"https:\/\/www.mladibl.com\/index.php?rest_route=%2Fwp%2Fv2%2Fcomments&post=2694"}],"version-history":[{"count":1,"href":"https:\/\/www.mladibl.com\/index.php?rest_route=\/wp\/v2\/posts\/2694\/revisions"}],"predecessor-version":[{"id":2696,"href":"https:\/\/www.mladibl.com\/index.php?rest_route=\/wp\/v2\/posts\/2694\/revisions\/2696"}],"wp:featuredmedia":[{"embeddable":true,"href":"https:\/\/www.mladibl.com\/index.php?rest_route=\/wp\/v2\/media\/2695"}],"wp:attachment":[{"href":"https:\/\/www.mladibl.com\/index.php?rest_route=%2Fwp%2Fv2%2Fmedia&parent=2694"}],"wp:term":[{"taxonomy":"category","embeddable":true,"href":"https:\/\/www.mladibl.com\/index.php?rest_route=%2Fwp%2Fv2%2Fcategories&post=2694"},{"taxonomy":"post_tag","embeddable":true,"href":"https:\/\/www.mladibl.com\/index.php?rest_route=%2Fwp%2Fv2%2Ftags&post=2694"}],"curies":[{"name":"wp","href":"https:\/\/api.w.org\/{rel}","templated":true}]}}