{"id":2688,"date":"2020-09-03T17:30:40","date_gmt":"2020-09-03T15:30:40","guid":{"rendered":"http:\/\/www.mladibl.com\/?p=2688"},"modified":"2020-09-03T17:30:43","modified_gmt":"2020-09-03T15:30:43","slug":"obnovljen-krov-doma-omladine","status":"publish","type":"post","link":"https:\/\/www.mladibl.com\/?p=2688","title":{"rendered":"Obnovljen krov Doma omladine"},"content":{"rendered":"\n<p>Banjalu\u010dki Dom omladine, uz podr\u0161ku Grada i me\u0111unarodnih partnera, dobio je rekonstruisani krov, koji \u0107e mo\u0107i biti kori\u0161ten i kao nova scena za izvo\u0111enje raznih kulturnih sadr\u017eaja.<\/p>\n\n\n\n<p>Gradona\u010delnik Igor Radoji\u010di\u0107, naglasio je da je sanacijom krova na Domu omladine rije\u0161en gra\u0111evinski problem na ovom objektu, ali i dobijen novi prostor za odr\u017eavanje raznih kulturnih, edukativnih i zabavnih sadr\u017eaja.<\/p>\n\n\n\n<p>\u2013 Gradska administracija nastoji da se prostor Doma omladine \u201eo\u017eivi\u201c i time unaprijedi i obogati dru\u0161tveni i kulturni \u017eivot grada, \u0161to je i jedan od fokusa platforme \u201eBanja Luka ljudskog lica\u201c. Dom omladine je, kroz aktiviranje projekata za djecu, mlade, starije i osobe sa invaliditetom, koji su realizovani u saradnji sa nevladinim organizacijama, dobio niz novih sadr\u017eaja, a sanacijom krova dobili smo i nove prostore gdje se oni mogu organizovati \u2013 rekao je Radoji\u010di\u0107.<\/p>\n\n\n\n<p>Izvr\u0161ni direktor Instituta \u201ePerpetum mobile\u201c Ilija Trnini\u0107 kazao je da su oni jedna od brojnih organizacija civilnog sektora koja u okviru platforme \u201eBanja Luka ljudskog lica\u201c realizuje svoje programe u prostorijama Doma omladine.<\/p>\n\n\n\n<p>Sanacija ovog prostora je jako zna\u010dajna jer smo dugoro\u010dno dobili kapacitet za provo\u0111enje raznih aktivnosti organizacija civilnog dru\u0161tva- naglasio je on.<\/p>\n\n\n\n<p>Radovi na sanacija krova Doma omladine, vrijedne vi\u0161e od 220.000 KM, realizovani su u saradnji Grada Banje Luke, Ameri\u010dke agencije za me\u0111unarodni razvoj (USAID) i Me\u0111unarodne organizacije za migracije (IOM).<\/p>\n\n\n\n<p>Preuzeto sa: <a href=\"http:\/\/www.banjaluka.rs.ba\/%d0%be%d0%b1%d0%bd%d0%be%d0%b2%d1%99%d0%b5%d0%bd-%d0%ba%d1%80%d0%be%d0%b2-%d0%b4%d0%be%d0%bc%d0%b0-%d0%be%d0%bc%d0%bb%d0%b0%d0%b4%d0%b8%d0%bd%d0%b5\/\" target=\"_blank\" rel=\"noreferrer noopener\" aria-label=\"Grad Banja Luka (opens in a new tab)\">Grad Banja Luka<\/a><\/p>\n","protected":false},"excerpt":{"rendered":"<p>Banjalu\u010dki Dom omladine, uz podr\u0161ku Grada i me\u0111unarodnih partnera, dobio je rekonstruisani krov, koji \u0107e mo\u0107i biti kori\u0161ten i kao<\/p>\n","protected":false},"author":1,"featured_media":2689,"comment_status":"closed","ping_status":"open","sticky":false,"template":"","format":"standard","meta":{"om_disable_all_campaigns":false,"_monsterinsights_skip_tracking":false,"_monsterinsights_sitenote_active":false,"_monsterinsights_sitenote_note":"","_monsterinsights_sitenote_category":0,"footnotes":""},"categories":[2],"tags":[53,21,1219],"class_list":["post-2688","post","type-post","status-publish","format-standard","has-post-thumbnail","hentry","category-vijesti","tag-banja-luka","tag-dom-omladine","tag-obnovljen-krov"],"jetpack_featured_media_url":"https:\/\/www.mladibl.com\/wp-content\/uploads\/2020\/09\/Obnovljen-krov-Doma-omladine.jpg","amp_enabled":true,"_links":{"self":[{"href":"https:\/\/www.mladibl.com\/index.php?rest_route=\/wp\/v2\/posts\/2688","targetHints":{"allow":["GET"]}}],"collection":[{"href":"https:\/\/www.mladibl.com\/index.php?rest_route=\/wp\/v2\/posts"}],"about":[{"href":"https:\/\/www.mladibl.com\/index.php?rest_route=\/wp\/v2\/types\/post"}],"author":[{"embeddable":true,"href":"https:\/\/www.mladibl.com\/index.php?rest_route=\/wp\/v2\/users\/1"}],"replies":[{"embeddable":true,"href":"https:\/\/www.mladibl.com\/index.php?rest_route=%2Fwp%2Fv2%2Fcomments&post=2688"}],"version-history":[{"count":1,"href":"https:\/\/www.mladibl.com\/index.php?rest_route=\/wp\/v2\/posts\/2688\/revisions"}],"predecessor-version":[{"id":2690,"href":"https:\/\/www.mladibl.com\/index.php?rest_route=\/wp\/v2\/posts\/2688\/revisions\/2690"}],"wp:featuredmedia":[{"embeddable":true,"href":"https:\/\/www.mladibl.com\/index.php?rest_route=\/wp\/v2\/media\/2689"}],"wp:attachment":[{"href":"https:\/\/www.mladibl.com\/index.php?rest_route=%2Fwp%2Fv2%2Fmedia&parent=2688"}],"wp:term":[{"taxonomy":"category","embeddable":true,"href":"https:\/\/www.mladibl.com\/index.php?rest_route=%2Fwp%2Fv2%2Fcategories&post=2688"},{"taxonomy":"post_tag","embeddable":true,"href":"https:\/\/www.mladibl.com\/index.php?rest_route=%2Fwp%2Fv2%2Ftags&post=2688"}],"curies":[{"name":"wp","href":"https:\/\/api.w.org\/{rel}","templated":true}]}}