{"id":26853,"date":"2022-12-28T23:15:27","date_gmt":"2022-12-28T21:15:27","guid":{"rendered":"https:\/\/www.mladibl.com\/?p=26853"},"modified":"2022-12-28T23:15:28","modified_gmt":"2022-12-28T21:15:28","slug":"zbog-novogodisnjih-praznika-izmjena-rezima-saobracaja-u-centru-banjaluke","status":"publish","type":"post","link":"https:\/\/www.mladibl.com\/?p=26853","title":{"rendered":"Zbog novogodi\u0161njih praznika: Izmjena re\u017eima saobra\u0107aja u centru Banjaluke"},"content":{"rendered":"\n<p>Od 9.00 \u010dasova 29. decembra 2022. godine do 18.00 \u010dasova 02. januara 2023. godine.<\/p>\n\n\n\n<p>U vremenskom periodu od 9.00 \u010dasova 29. decembra 2022. godine do 18.00 \u010dasova 02. januara 2023. godine, bi\u0107e obustavljen saobra\u0107aj u Ulici kralja Petra I Kara\u0111or\u0111evi\u0107a, na dijelu od Trga srpskih vladara (od Banskog dvora) do Ulice Marije Bursa\u0107, a zbog obilje\u017eavanja novogodi\u0161njih praznika.<\/p>\n\n\n\n<p>Za vrijeme trajanja obustave saobra\u0107aja na linijama javnog prevoza putnika koje saobra\u0107aju Ulicom kralja Petra I Kara\u0111or\u0111evi\u0107a, dio od Bulevara cara Du\u0161ana do Aleje Svetog Save, izvr\u0161i\u0107e se preusmjeravanje autobusa u Bulevar cara Du\u0161ana, ulice Kninsku, Vidovdansku, Vuka Karad\u017ei\u0107a i dalje postoje\u0107om trasom.<\/p>\n\n\n\n<p>Za vrijeme trajanja obustave saobra\u0107aja regulisanje i preusmjeravanje saobra\u0107aja vr\u0161i\u0107e se na propisan na\u010din.<\/p>\n\n\n\n<p>Molimo u\u010desnike u saobra\u0107aju na oprez i razumijevanje.<\/p>\n\n\n\n<p>Preuzeto sa: <a href=\"https:\/\/blink.ba\/zbog-novogodisnjih-praznika-izmjena-rezima-saobracaja-u-centru-banjaluke\/\" target=\"_blank\" rel=\"noreferrer noopener\">blink.ba<\/a><\/p>\n","protected":false},"excerpt":{"rendered":"<p>Od 9.00 \u010dasova 29. decembra 2022. godine do 18.00 \u010dasova 02. januara 2023. godine. U vremenskom periodu od 9.00 \u010dasova<\/p>\n","protected":false},"author":1,"featured_media":26850,"comment_status":"closed","ping_status":"open","sticky":false,"template":"","format":"standard","meta":{"om_disable_all_campaigns":false,"_monsterinsights_skip_tracking":false,"_monsterinsights_sitenote_active":false,"_monsterinsights_sitenote_note":"","_monsterinsights_sitenote_category":0,"footnotes":""},"categories":[2],"tags":[53,380,2713,2715,1859],"class_list":["post-26853","post","type-post","status-publish","format-standard","has-post-thumbnail","hentry","category-vijesti","tag-banja-luka","tag-centar-grada","tag-novogodisnji","tag-praznici","tag-saobracaj"],"jetpack_featured_media_url":"https:\/\/www.mladibl.com\/wp-content\/uploads\/2022\/12\/Zbog-novogodisnjih-praznika-Izmjena-rezima-saobracaja-u-centru-Banjaluke.jpg","amp_enabled":true,"_links":{"self":[{"href":"https:\/\/www.mladibl.com\/index.php?rest_route=\/wp\/v2\/posts\/26853","targetHints":{"allow":["GET"]}}],"collection":[{"href":"https:\/\/www.mladibl.com\/index.php?rest_route=\/wp\/v2\/posts"}],"about":[{"href":"https:\/\/www.mladibl.com\/index.php?rest_route=\/wp\/v2\/types\/post"}],"author":[{"embeddable":true,"href":"https:\/\/www.mladibl.com\/index.php?rest_route=\/wp\/v2\/users\/1"}],"replies":[{"embeddable":true,"href":"https:\/\/www.mladibl.com\/index.php?rest_route=%2Fwp%2Fv2%2Fcomments&post=26853"}],"version-history":[{"count":1,"href":"https:\/\/www.mladibl.com\/index.php?rest_route=\/wp\/v2\/posts\/26853\/revisions"}],"predecessor-version":[{"id":26854,"href":"https:\/\/www.mladibl.com\/index.php?rest_route=\/wp\/v2\/posts\/26853\/revisions\/26854"}],"wp:featuredmedia":[{"embeddable":true,"href":"https:\/\/www.mladibl.com\/index.php?rest_route=\/wp\/v2\/media\/26850"}],"wp:attachment":[{"href":"https:\/\/www.mladibl.com\/index.php?rest_route=%2Fwp%2Fv2%2Fmedia&parent=26853"}],"wp:term":[{"taxonomy":"category","embeddable":true,"href":"https:\/\/www.mladibl.com\/index.php?rest_route=%2Fwp%2Fv2%2Fcategories&post=26853"},{"taxonomy":"post_tag","embeddable":true,"href":"https:\/\/www.mladibl.com\/index.php?rest_route=%2Fwp%2Fv2%2Ftags&post=26853"}],"curies":[{"name":"wp","href":"https:\/\/api.w.org\/{rel}","templated":true}]}}