{"id":2685,"date":"2020-09-03T17:08:04","date_gmt":"2020-09-03T15:08:04","guid":{"rendered":"http:\/\/www.mladibl.com\/?p=2685"},"modified":"2020-10-05T09:05:53","modified_gmt":"2020-10-05T07:05:53","slug":"nevid-teatar-do-15-septembra-otvoren-konkurs-za-bajke-i-basne-za-djecu","status":"publish","type":"post","link":"https:\/\/www.mladibl.com\/?p=2685","title":{"rendered":"Nevid teatar: Do 15. septembra otvoren konkurs za bajke i basne za djecu"},"content":{"rendered":"\n<p>Do 15. septembra otvoren je javni regionalni konkurs za originalne bajke i basne za djecu na temu kulturnih raznolikosti, koju provodi Nevid teatar iz Banje Luke u okviru projekta \u201eObrazovanje kroz igru\u201c.<\/p>\n\n\n\n<p>\u2013Osim originalnog teksta, autori mogu pisati i o problemima obrazovnog sistema u dr\u017eavi u kojoj \u017eive te navesti konkretne ideje reforme obrazovanja. Prijaviti se mogu i svi koji \u017eele poslati samo mi\u0161ljenje o obrazovanju i predlo\u017eiti odgovaraju\u0107e ideje \u2013 naveli su iz Nevid teatra.<\/p>\n\n\n\n<p>Na osnovu do 10 najljep\u0161ih izabranih bajki ili basni za djecu, Nevid teatar \u0107e \u0161tampati ilustrovanu knjigu (elektronska verzija \u0107e biti dostupna na veb sajtu projekta), kao i objaviti audio-knjigu.<\/p>\n\n\n\n<p>Vi\u0161e informacija o konkursu mo\u017eete saznati na internet stranicama: <strong><a rel=\"noreferrer noopener\" aria-label=\"www.obrazovanjekrozigru.com (opens in a new tab)\" href=\"http:\/\/www.obrazovanjekrozigru.com\" target=\"_blank\">www.obrazovanjekrozigru.com<\/a><\/strong> ili <strong><a href=\"http:\/\/www.nevidteatar.com\" target=\"_blank\" rel=\"noreferrer noopener\" aria-label=\"www.nevidteatar.com (opens in a new tab)\">www.nevidteatar.com<\/a><\/strong><\/p>\n\n\n\n<p>Nevid teatar ovaj projekat realizuje u saradnji sa Udru\u017eenjem dramskih umetnika Srbije u okviru Zajedni\u010dkog regionalnog programa Ujedinjenih nacija \u201eDijalog za budu\u0107nost\u201d. Projekat sufinansiraju Grad Banja Luka i Ministarstvo prosvjete i kulture Republike Srpske.<\/p>\n\n\n\n<p>Preuzeto sa: <a href=\"http:\/\/www.banjaluka.rs.ba\/%d0%bd%d0%b5%d0%b2%d0%b8%d0%b4-%d1%82%d0%b5%d0%b0%d1%82%d0%b0%d1%80-%d0%b4%d0%be-15-%d1%81%d0%b5%d0%bf%d1%82%d0%b5%d0%bc%d0%b1%d1%80%d0%b0-%d0%be%d1%82%d0%b2%d0%be%d1%80%d0%b5%d0%bd-%d0%ba%d0%be\/\" target=\"_blank\" rel=\"noreferrer noopener\" aria-label=\"Grad Banja Luka (opens in a new tab)\">Grad Banja Luka<\/a><\/p>\n","protected":false},"excerpt":{"rendered":"<p>Do 15. septembra otvoren je javni regionalni konkurs za originalne bajke i basne za djecu na temu kulturnih raznolikosti, koju<\/p>\n","protected":false},"author":1,"featured_media":2686,"comment_status":"closed","ping_status":"open","sticky":false,"template":"","format":"standard","meta":{"om_disable_all_campaigns":false,"_monsterinsights_skip_tracking":false,"_monsterinsights_sitenote_active":false,"_monsterinsights_sitenote_note":"","_monsterinsights_sitenote_category":0,"footnotes":""},"categories":[1461],"tags":[1218,1217,42,306,1131],"class_list":["post-2685","post","type-post","status-publish","format-standard","has-post-thumbnail","hentry","category-konkursi","tag-bajke","tag-basne","tag-djeca","tag-konkurs","tag-nevid-teatar"],"jetpack_featured_media_url":"https:\/\/www.mladibl.com\/wp-content\/uploads\/2020\/09\/Nevid-teatar-Do-15.-septembra-otvoren-konkurs-za-bajke-i-basne-za-djecu.jpg","amp_enabled":true,"_links":{"self":[{"href":"https:\/\/www.mladibl.com\/index.php?rest_route=\/wp\/v2\/posts\/2685","targetHints":{"allow":["GET"]}}],"collection":[{"href":"https:\/\/www.mladibl.com\/index.php?rest_route=\/wp\/v2\/posts"}],"about":[{"href":"https:\/\/www.mladibl.com\/index.php?rest_route=\/wp\/v2\/types\/post"}],"author":[{"embeddable":true,"href":"https:\/\/www.mladibl.com\/index.php?rest_route=\/wp\/v2\/users\/1"}],"replies":[{"embeddable":true,"href":"https:\/\/www.mladibl.com\/index.php?rest_route=%2Fwp%2Fv2%2Fcomments&post=2685"}],"version-history":[{"count":1,"href":"https:\/\/www.mladibl.com\/index.php?rest_route=\/wp\/v2\/posts\/2685\/revisions"}],"predecessor-version":[{"id":2687,"href":"https:\/\/www.mladibl.com\/index.php?rest_route=\/wp\/v2\/posts\/2685\/revisions\/2687"}],"wp:featuredmedia":[{"embeddable":true,"href":"https:\/\/www.mladibl.com\/index.php?rest_route=\/wp\/v2\/media\/2686"}],"wp:attachment":[{"href":"https:\/\/www.mladibl.com\/index.php?rest_route=%2Fwp%2Fv2%2Fmedia&parent=2685"}],"wp:term":[{"taxonomy":"category","embeddable":true,"href":"https:\/\/www.mladibl.com\/index.php?rest_route=%2Fwp%2Fv2%2Fcategories&post=2685"},{"taxonomy":"post_tag","embeddable":true,"href":"https:\/\/www.mladibl.com\/index.php?rest_route=%2Fwp%2Fv2%2Ftags&post=2685"}],"curies":[{"name":"wp","href":"https:\/\/api.w.org\/{rel}","templated":true}]}}