{"id":26529,"date":"2022-12-19T21:50:42","date_gmt":"2022-12-19T19:50:42","guid":{"rendered":"https:\/\/www.mladibl.com\/?p=26529"},"modified":"2022-12-19T21:50:43","modified_gmt":"2022-12-19T19:50:43","slug":"goca-trzan-legende-i-galija-na-doceku-nove-godine-u-banjoj-luci","status":"publish","type":"post","link":"https:\/\/www.mladibl.com\/?p=26529","title":{"rendered":"Goca Tr\u017ean, Legende i Galija na do\u010deku Nove godine u Banjoj Luci"},"content":{"rendered":"\n<p>Uz velike regionalne zvijezde, Gocu Tr\u017ean, grupe \u201eLegende\u201c i \u201eGalija\u201c do\u010dekajte Novu godinu na Trgu Krajine u Banjoj Luci.<\/p>\n\n\n\n<p>Dva velika koncerta za do\u010dek i reprizu Nove godine, poklon su svim sugra\u0111anima, ali i svim turistima koji rado borave u Banjoj Luci, posebno u toku novogodi\u0161njih praznika.<\/p>\n\n\n\n<p>Tako \u0107e 31. decembra 2022. godine na do\u010deku Me\u0111unarodne nove godine u srcu Banje Luke nastupiti Goca Tr\u017ean i Legende, a prvog dana Nove godine 01. januara 2023. godine grupa \u201eGalija\u201c.<\/p>\n\n\n\n<p>Ovi veliki koncerti zasigurno \u0107e u Banju Luku privu\u0107i veliki broj turista iz zemalja okru\u017eenja, kao \u0161to je to i bio slu\u010daj u prethodnim godinama.<\/p>\n\n\n\n<p>Tako\u0111e, kako je to bilo i ranije, za najmla\u0111e bi\u0107e organizovana proslava Dje\u010dije nove godine 31. decembra od 12.00 \u010dasova.<\/p>\n\n\n\n<p>Preuzeto sa: <a href=\"https:\/\/www.banjaluka.rs.ba\/docek-nove-2023-godine\/\" target=\"_blank\" rel=\"noreferrer noopener\">Grad Banja Luka<\/a><\/p>\n","protected":false},"excerpt":{"rendered":"<p>Uz velike regionalne zvijezde, Gocu Tr\u017ean, grupe \u201eLegende\u201c i \u201eGalija\u201c do\u010dekajte Novu godinu na Trgu Krajine u Banjoj Luci. Dva<\/p>\n","protected":false},"author":1,"featured_media":26543,"comment_status":"closed","ping_status":"open","sticky":false,"template":"","format":"standard","meta":{"om_disable_all_campaigns":false,"_monsterinsights_skip_tracking":false,"_monsterinsights_sitenote_active":false,"_monsterinsights_sitenote_note":"","_monsterinsights_sitenote_category":0,"footnotes":""},"categories":[2],"tags":[53,5495,10069,10070,9864,1757],"class_list":["post-26529","post","type-post","status-publish","format-standard","has-post-thumbnail","hentry","category-vijesti","tag-banja-luka","tag-docek","tag-galija","tag-goca-trzan","tag-legende","tag-nova-godina"],"jetpack_featured_media_url":"https:\/\/www.mladibl.com\/wp-content\/uploads\/2022\/12\/Goca-Trzan-Legende-i-Galija-na-doceku-Nove-godine-u-Banjoj-Luci.jpg","amp_enabled":true,"_links":{"self":[{"href":"https:\/\/www.mladibl.com\/index.php?rest_route=\/wp\/v2\/posts\/26529","targetHints":{"allow":["GET"]}}],"collection":[{"href":"https:\/\/www.mladibl.com\/index.php?rest_route=\/wp\/v2\/posts"}],"about":[{"href":"https:\/\/www.mladibl.com\/index.php?rest_route=\/wp\/v2\/types\/post"}],"author":[{"embeddable":true,"href":"https:\/\/www.mladibl.com\/index.php?rest_route=\/wp\/v2\/users\/1"}],"replies":[{"embeddable":true,"href":"https:\/\/www.mladibl.com\/index.php?rest_route=%2Fwp%2Fv2%2Fcomments&post=26529"}],"version-history":[{"count":1,"href":"https:\/\/www.mladibl.com\/index.php?rest_route=\/wp\/v2\/posts\/26529\/revisions"}],"predecessor-version":[{"id":26544,"href":"https:\/\/www.mladibl.com\/index.php?rest_route=\/wp\/v2\/posts\/26529\/revisions\/26544"}],"wp:featuredmedia":[{"embeddable":true,"href":"https:\/\/www.mladibl.com\/index.php?rest_route=\/wp\/v2\/media\/26543"}],"wp:attachment":[{"href":"https:\/\/www.mladibl.com\/index.php?rest_route=%2Fwp%2Fv2%2Fmedia&parent=26529"}],"wp:term":[{"taxonomy":"category","embeddable":true,"href":"https:\/\/www.mladibl.com\/index.php?rest_route=%2Fwp%2Fv2%2Fcategories&post=26529"},{"taxonomy":"post_tag","embeddable":true,"href":"https:\/\/www.mladibl.com\/index.php?rest_route=%2Fwp%2Fv2%2Ftags&post=26529"}],"curies":[{"name":"wp","href":"https:\/\/api.w.org\/{rel}","templated":true}]}}