{"id":2642,"date":"2020-09-01T11:06:32","date_gmt":"2020-09-01T09:06:32","guid":{"rendered":"http:\/\/www.mladibl.com\/?p=2642"},"modified":"2020-09-01T11:06:34","modified_gmt":"2020-09-01T09:06:34","slug":"javni-poziv-lokalnim-zajednicama-za-ucesce-u-programu-podrske-preduzetnistvu-podrzanom-od-strane-ambasade-sad-u-bih","status":"publish","type":"post","link":"https:\/\/www.mladibl.com\/?p=2642","title":{"rendered":"Javni poziv lokalnim zajednicama za u\u010de\u0161\u0107e u programu podr\u0161ke preduzetni\u0161tvu podr\u017eanom od strane ambasade SAD u BiH"},"content":{"rendered":"\n<p>Udru\u017eenje trenera CEFE u BiH, razvija i implementira programe podr\u0161ke preduzetni\u0161tvu u BiH od 2005. godine.<\/p>\n\n\n\n<p>U periodu 2019-2020 godina, CEFE BiH realizovao je Program podr\u0161ke preduzetni\u0161tvu podr\u017ean od strane Ambasade Sjedinjenih Ameri\u010dkih Dr\u017eava u BiH, u partnerstvu sa vi\u0161e lokalnih zajednica kroz koji je podr\u017eano osnivanje vi\u0161e od 30 novih biznisa.<\/p>\n\n\n\n<p>U okviru projekta, osnovana je i Mre\u017ea podr\u0161ke preduzetni\u0161tvu \u2013 neformalna organizacija aktera iz vladinog, javnog, privatnog i nevladinog sektora, zainteresovanih za strate\u0161ko djelovanje u oblasti razvoja politika, planiranja i realizacije projekata te ja\u010danja kapaciteta u oblasti preduzetni\u010dkog i ekonomskog razvoja.<\/p>\n\n\n\n<p>Tako\u0111e, osnovan je Centar za izvrsnost u preduzetni\u0161tvu \u2013 resursni centar opremljen i stru\u010dno osposobljen da pru\u017ea podr\u0161ku u inkubaciji biznisa sa zna\u010dajnijim potencijalom rasta.<\/p>\n\n\n\n<p>Imaju\u0107i u vidu negativan uticaj COVID-19 krize na ekonomiju i u skladu sa naporima za smanjenja negativnog uticaja pandemije virusa COVID-19 na stanje u oblasti preduzetni\u0161tva, objavljujemo dodatni poziv za u\u010de\u0161\u0107e lokalnih zajednica u Programu podr\u0161ke preduzetni\u0161tvu i pristupanje Mre\u017ei podr\u0161ke preduzetni\u0161tvu.<\/p>\n\n\n\n<p>Program podr\u0161ke preduzetni\u0161tvu podrazumijeva podr\u0161ku odabranim kandidatima (preduzetnicima) u ja\u010danju preduzetni\u010dkih vje\u0161tina i razvoju poslovne ideje, povezivanju sa ciljnim tr\u017ei\u0161tima, te osnivanju i pokretanju rada poslovnih subjekata.<\/p>\n\n\n\n<p>Iskazivanje interesa lokalne zajednice podrazumijeva spremnost lokalne zajednice za sufinansiranje programa podr\u0161ke, te mobilizaciju dovoljnog broja kandidata.<\/p>\n\n\n\n<p>Ovaj javni poziv otvoren je do 04.09.2020. godine do 16.00 sati.<\/p>\n\n\n\n<p>Puni tekst Javnog poziva preuzmite <strong><a href=\"https:\/\/drive.google.com\/file\/d\/1VB3mx1ANVAfpmgToQ-ec88tKsXHFYTpx\/view?usp=sharing\" target=\"_blank\" rel=\"noreferrer noopener\" aria-label=\"OVDJE (opens in a new tab)\">OVDJE<\/a><\/strong>.<\/p>\n\n\n\n<p>Formu Pisma za iskazivanje interesa preuzmite <strong><a href=\"https:\/\/drive.google.com\/file\/d\/1_l1IRi3Pf7YFG8tscfBxoUJotr5znmVC\/view?usp=sharing\" target=\"_blank\" rel=\"noreferrer noopener\" aria-label=\"OVDJE (opens in a new tab)\">OVDJE<\/a><\/strong>.<\/p>\n\n\n\n<p>Preuzeto sa: <a href=\"http:\/\/cefebih.org\/2020\/08\/28\/javni-poziv-lokalnim-zajednicama-za-ucesce-u-programu-podrske-preduzetnistvu-podrzanom-od-strane-ambasade-sad-u-bih\/\" target=\"_blank\" rel=\"noreferrer noopener\" aria-label=\"cefebih.org (opens in a new tab)\">cefebih.org<\/a><\/p>\n","protected":false},"excerpt":{"rendered":"<p>Udru\u017eenje trenera CEFE u BiH, razvija i implementira programe podr\u0161ke preduzetni\u0161tvu u BiH od 2005. godine. U periodu 2019-2020 godina,<\/p>\n","protected":false},"author":1,"featured_media":2643,"comment_status":"closed","ping_status":"open","sticky":false,"template":"","format":"standard","meta":{"om_disable_all_campaigns":false,"_monsterinsights_skip_tracking":false,"_monsterinsights_sitenote_active":false,"_monsterinsights_sitenote_note":"","_monsterinsights_sitenote_category":0,"footnotes":""},"categories":[370],"tags":[1202,218,879,526,170],"class_list":["post-2642","post","type-post","status-publish","format-standard","has-post-thumbnail","hentry","category-ostalo","tag-cefe-bih","tag-javni-poziv","tag-lokalne-zajednice","tag-podrska","tag-preduzetnistvo"],"jetpack_featured_media_url":"https:\/\/www.mladibl.com\/wp-content\/uploads\/2020\/09\/Javni-poziv-lokalnim-zajednicama-za-u\u010de\u0161\u0107e-u-programu-podr\u0161ke-preduzetni\u0161tvu-podr\u017eanom-od-strane-ambasade-SAD-u-BiH.jpg","amp_enabled":true,"_links":{"self":[{"href":"https:\/\/www.mladibl.com\/index.php?rest_route=\/wp\/v2\/posts\/2642","targetHints":{"allow":["GET"]}}],"collection":[{"href":"https:\/\/www.mladibl.com\/index.php?rest_route=\/wp\/v2\/posts"}],"about":[{"href":"https:\/\/www.mladibl.com\/index.php?rest_route=\/wp\/v2\/types\/post"}],"author":[{"embeddable":true,"href":"https:\/\/www.mladibl.com\/index.php?rest_route=\/wp\/v2\/users\/1"}],"replies":[{"embeddable":true,"href":"https:\/\/www.mladibl.com\/index.php?rest_route=%2Fwp%2Fv2%2Fcomments&post=2642"}],"version-history":[{"count":1,"href":"https:\/\/www.mladibl.com\/index.php?rest_route=\/wp\/v2\/posts\/2642\/revisions"}],"predecessor-version":[{"id":2644,"href":"https:\/\/www.mladibl.com\/index.php?rest_route=\/wp\/v2\/posts\/2642\/revisions\/2644"}],"wp:featuredmedia":[{"embeddable":true,"href":"https:\/\/www.mladibl.com\/index.php?rest_route=\/wp\/v2\/media\/2643"}],"wp:attachment":[{"href":"https:\/\/www.mladibl.com\/index.php?rest_route=%2Fwp%2Fv2%2Fmedia&parent=2642"}],"wp:term":[{"taxonomy":"category","embeddable":true,"href":"https:\/\/www.mladibl.com\/index.php?rest_route=%2Fwp%2Fv2%2Fcategories&post=2642"},{"taxonomy":"post_tag","embeddable":true,"href":"https:\/\/www.mladibl.com\/index.php?rest_route=%2Fwp%2Fv2%2Ftags&post=2642"}],"curies":[{"name":"wp","href":"https:\/\/api.w.org\/{rel}","templated":true}]}}