{"id":2638,"date":"2020-09-01T10:58:57","date_gmt":"2020-09-01T08:58:57","guid":{"rendered":"http:\/\/www.mladibl.com\/?p=2638"},"modified":"2020-09-01T11:00:17","modified_gmt":"2020-09-01T09:00:17","slug":"pocela-skolska-godina-u-republici-srpskoj","status":"publish","type":"post","link":"https:\/\/www.mladibl.com\/?p=2638","title":{"rendered":"Po\u010dela \u0161kolska godina u Republici Srpskoj"},"content":{"rendered":"\n<p>U Republici Srpskoj danas je po\u010dela \u0161kolska 2020\/2021. godina, a Vlada Srpske obezbijedi\u0107e beskontaktne toplomjere za sve osnovne i srednje \u0161kole u Republici Srpskoj.<\/p>\n\n\n\n<p>Republi\u010dki \u0161tab za vanredne situacije konstatovao je da je sve spremno za po\u010detak nove \u0161kolske godine.<\/p>\n\n\n\n<p>Ministar prosvjete i kulture Republike Srpske Natalija Trivi\u0107 rekla je ju\u010de, nakon sjednice Republi\u010dkog \u0161taba za vanredne situacije, da \u0107e svaka \u0161kola imati beskontatni toplomjer ukoliko se neko od u\u010denika ili nastavnika prijavi da ima odre\u0111ene zdravstvene tegobe.<\/p>\n\n\n\n<p>&#8220;Na taj na\u010din bi se izmjerila temperatura u \u0161koli i pristupilo koordiniciji uprave \u0161kole sa domom zdravlja&#8221;, pojasnila je Trivi\u0107eva.<\/p>\n\n\n\n<p>Ona je istakla da \u0107e Ministarstvo prosvjete i kulture u ovoj sedmici u saradnji sa direktorima \u0161kola pratiti sam po\u010detak nastave u slu\u010daju da se mora raditi korekcija mjera.<\/p>\n\n\n\n<p>Trivi\u0107eva je navela da \u0107e u \u0161kolama koje imaju uslove za to biti u funkciji i produ\u017eeni boravak djece, a maksimalan broj djece u produ\u017eenom boravku i vrti\u0107ima bi\u0107e 20.<\/p>\n\n\n\n<p>Prema njenim rije\u010dima, sve \u0161kole su se spremile za provo\u0111enje svih mjera koje je propisao Institut za javno zdravlje Republike Srpske zbog epidemije virusa korona, a resorno ministarstvo \u0107e u svakodnevnoj komunikaciji sa \u0161kolama pratiti odvijanje situacije.<\/p>\n\n\n\n<p>Ona je svim u\u010denicima, roditeljima i nastavnicima, vannastavnom osoblju i upravama \u0161kola po\u017eeljela uspje\u0161an po\u010detak nove \u0161kolske godine.<\/p>\n\n\n\n<p>Preuzeto sa: <a href=\"https:\/\/www.nezavisne.com\/novosti\/obrazovanje\/Pocela-skolska-godina-u-Republici-Srpskoj\/618985\" target=\"_blank\" rel=\"noreferrer noopener\" aria-label=\"nezavisne.com (opens in a new tab)\">nezavisne.com<\/a><\/p>\n","protected":false},"excerpt":{"rendered":"<p>U Republici Srpskoj danas je po\u010dela \u0161kolska 2020\/2021. godina, a Vlada Srpske obezbijedi\u0107e beskontaktne toplomjere za sve osnovne i srednje<\/p>\n","protected":false},"author":1,"featured_media":2641,"comment_status":"closed","ping_status":"open","sticky":false,"template":"","format":"standard","meta":{"om_disable_all_campaigns":false,"_monsterinsights_skip_tracking":false,"_monsterinsights_sitenote_active":false,"_monsterinsights_sitenote_note":"","_monsterinsights_sitenote_category":0,"footnotes":""},"categories":[2],"tags":[1200,130,1201],"class_list":["post-2638","post","type-post","status-publish","format-standard","has-post-thumbnail","hentry","category-vijesti","tag-pocetak","tag-republika-srpska","tag-skolska-godina"],"jetpack_featured_media_url":"https:\/\/www.mladibl.com\/wp-content\/uploads\/2020\/09\/Po\u010dela-\u0161kolska-godina-u-Republici-Srpskoj-1.jpg","amp_enabled":true,"_links":{"self":[{"href":"https:\/\/www.mladibl.com\/index.php?rest_route=\/wp\/v2\/posts\/2638","targetHints":{"allow":["GET"]}}],"collection":[{"href":"https:\/\/www.mladibl.com\/index.php?rest_route=\/wp\/v2\/posts"}],"about":[{"href":"https:\/\/www.mladibl.com\/index.php?rest_route=\/wp\/v2\/types\/post"}],"author":[{"embeddable":true,"href":"https:\/\/www.mladibl.com\/index.php?rest_route=\/wp\/v2\/users\/1"}],"replies":[{"embeddable":true,"href":"https:\/\/www.mladibl.com\/index.php?rest_route=%2Fwp%2Fv2%2Fcomments&post=2638"}],"version-history":[{"count":1,"href":"https:\/\/www.mladibl.com\/index.php?rest_route=\/wp\/v2\/posts\/2638\/revisions"}],"predecessor-version":[{"id":2640,"href":"https:\/\/www.mladibl.com\/index.php?rest_route=\/wp\/v2\/posts\/2638\/revisions\/2640"}],"wp:featuredmedia":[{"embeddable":true,"href":"https:\/\/www.mladibl.com\/index.php?rest_route=\/wp\/v2\/media\/2641"}],"wp:attachment":[{"href":"https:\/\/www.mladibl.com\/index.php?rest_route=%2Fwp%2Fv2%2Fmedia&parent=2638"}],"wp:term":[{"taxonomy":"category","embeddable":true,"href":"https:\/\/www.mladibl.com\/index.php?rest_route=%2Fwp%2Fv2%2Fcategories&post=2638"},{"taxonomy":"post_tag","embeddable":true,"href":"https:\/\/www.mladibl.com\/index.php?rest_route=%2Fwp%2Fv2%2Ftags&post=2638"}],"curies":[{"name":"wp","href":"https:\/\/api.w.org\/{rel}","templated":true}]}}