{"id":2633,"date":"2020-09-01T10:56:01","date_gmt":"2020-09-01T08:56:01","guid":{"rendered":"http:\/\/www.mladibl.com\/?p=2633"},"modified":"2020-09-01T10:56:25","modified_gmt":"2020-09-01T08:56:25","slug":"pocinje-medunarodni-festival-glumca-zaplet-xii-nova-normalnost","status":"publish","type":"post","link":"https:\/\/www.mladibl.com\/?p=2633","title":{"rendered":"Po\u010dinje Me\u0111unarodni festival glumca &#8220;Zaplet XII nova normalnost&#8221;"},"content":{"rendered":"\n<p>Izvo\u0111enjem monodrame \u201cNa\u0161i dani\u201d Radoslava Raleta Milenkovi\u0107a, u utorak 1. septembra, od 20.00 \u010dasova, bi\u0107e otvoren Me\u0111unarodni festival glumca \u201cZaplet 12 nova normalnost\u201d.  Ista predstava bi\u0107e izvedena i dan kasnije u istom terminu, a u petak, 4. septembra u 20.00 \u010dasova, \u010dasova gostuje Zijah Sokolovi\u0107 sa svojim kabareom \u201cMe\u0111uigre 0-24\u201d.<\/p>\n\n\n\n<p>Takmi\u010darski program festival po\u010de\u0107e u subotu 5. septembra u 20.00 \u010dasova, kada \u0107e biti izvedena predstava \u201cPrah\u201d Altteatara iz Sarajeva.<\/p>\n\n\n\n<p>Publika \u0107e u Gradskom pozori\u0161te \u201cJazavac\u201d, tokom septembra, mo\u0107i da pogleda jo\u0161 tri predstave u takmi\u010darskoj selekciji i to: \u201cNije \u010dovjek ko ne umre\u201d (10. septembar u 20.00) Pozori\u0161ta Priejdor, zatim \u201cFine mrtve d(j)evojke\u201d (12. septembar u 19.00 i 21.30) Beogradskog dramskog pozori\u0161ta i predstavu \u201cObitelj\u201d (30. septembar u 20.00) HNK Split.<\/p>\n\n\n\n<p>U utorak, 1.septembra bi\u0107e otvorena i izlo\u017eba crte\u017ea i slika slikarki Dragane Nikoli\u0107 i Dragane Gra\u0161ar u holu Gradskog pozori\u0161ta \u201cJazavac\u201d. Festival \u0107e biti odr\u017ean uz puno po\u0161tovanje propisanih epidemiolo\u0161kih mjera.<\/p>\n\n\n\n<figure class=\"wp-block-image\"><img loading=\"lazy\" decoding=\"async\" width=\"776\" height=\"1024\" src=\"http:\/\/www.mladibl.com\/wp-content\/uploads\/2020\/09\/ZAPLET-2020-BLIC-116x153-Program-SEPT-FIN-776x1024.jpg\" alt=\"\" class=\"wp-image-2635\" srcset=\"https:\/\/www.mladibl.com\/wp-content\/uploads\/2020\/09\/ZAPLET-2020-BLIC-116x153-Program-SEPT-FIN-776x1024.jpg 776w, https:\/\/www.mladibl.com\/wp-content\/uploads\/2020\/09\/ZAPLET-2020-BLIC-116x153-Program-SEPT-FIN-227x300.jpg 227w, https:\/\/www.mladibl.com\/wp-content\/uploads\/2020\/09\/ZAPLET-2020-BLIC-116x153-Program-SEPT-FIN-768x1013.jpg 768w, https:\/\/www.mladibl.com\/wp-content\/uploads\/2020\/09\/ZAPLET-2020-BLIC-116x153-Program-SEPT-FIN.jpg 1370w\" sizes=\"auto, (max-width: 776px) 100vw, 776px\" \/><\/figure>\n\n\n\n<figure class=\"wp-block-image\"><img loading=\"lazy\" decoding=\"async\" width=\"776\" height=\"1024\" src=\"http:\/\/www.mladibl.com\/wp-content\/uploads\/2020\/09\/ZAPLET-2020-BLIC-116x153-Program-INTRO-FIN-776x1024.jpg\" alt=\"\" class=\"wp-image-2636\" srcset=\"https:\/\/www.mladibl.com\/wp-content\/uploads\/2020\/09\/ZAPLET-2020-BLIC-116x153-Program-INTRO-FIN-776x1024.jpg 776w, https:\/\/www.mladibl.com\/wp-content\/uploads\/2020\/09\/ZAPLET-2020-BLIC-116x153-Program-INTRO-FIN-227x300.jpg 227w, https:\/\/www.mladibl.com\/wp-content\/uploads\/2020\/09\/ZAPLET-2020-BLIC-116x153-Program-INTRO-FIN-768x1013.jpg 768w, https:\/\/www.mladibl.com\/wp-content\/uploads\/2020\/09\/ZAPLET-2020-BLIC-116x153-Program-INTRO-FIN.jpg 1370w\" sizes=\"auto, (max-width: 776px) 100vw, 776px\" \/><\/figure>\n\n\n\n<p>Preuzeto sa: <a href=\"http:\/\/www.banjaluka.rs.ba\/%d0%bf%d0%be%d1%87%d0%b8%d1%9a%d0%b5-%d0%bc%d0%b5%d1%92%d1%83%d0%bd%d0%b0%d1%80%d0%be%d0%b4%d0%bd%d0%b8-%d1%84%d0%b5%d1%81%d1%82%d0%b8%d0%b2%d0%b0%d0%bb-%d0%b3%d0%bb%d1%83%d0%bc%d1%86%d0%b0-%d0%b7\/\" target=\"_blank\" rel=\"noreferrer noopener\" aria-label=\"Grad Banja Luka (opens in a new tab)\">Grad Banja Luka<\/a><\/p>\n","protected":false},"excerpt":{"rendered":"<p>Izvo\u0111enjem monodrame \u201cNa\u0161i dani\u201d Radoslava Raleta Milenkovi\u0107a, u utorak 1. septembra, od 20.00 \u010dasova, bi\u0107e otvoren Me\u0111unarodni festival glumca \u201cZaplet<\/p>\n","protected":false},"author":1,"featured_media":2634,"comment_status":"closed","ping_status":"open","sticky":false,"template":"","format":"standard","meta":{"om_disable_all_campaigns":false,"_monsterinsights_skip_tracking":false,"_monsterinsights_sitenote_active":false,"_monsterinsights_sitenote_note":"","_monsterinsights_sitenote_category":0,"footnotes":""},"categories":[2],"tags":[53,707,1197,1196,1199,1198],"class_list":["post-2633","post","type-post","status-publish","format-standard","has-post-thumbnail","hentry","category-vijesti","tag-banja-luka","tag-festival","tag-glumci","tag-medunarodni","tag-nova-formalnost","tag-zaplet"],"jetpack_featured_media_url":"https:\/\/www.mladibl.com\/wp-content\/uploads\/2020\/09\/zaplet-xii.jpg","amp_enabled":true,"_links":{"self":[{"href":"https:\/\/www.mladibl.com\/index.php?rest_route=\/wp\/v2\/posts\/2633","targetHints":{"allow":["GET"]}}],"collection":[{"href":"https:\/\/www.mladibl.com\/index.php?rest_route=\/wp\/v2\/posts"}],"about":[{"href":"https:\/\/www.mladibl.com\/index.php?rest_route=\/wp\/v2\/types\/post"}],"author":[{"embeddable":true,"href":"https:\/\/www.mladibl.com\/index.php?rest_route=\/wp\/v2\/users\/1"}],"replies":[{"embeddable":true,"href":"https:\/\/www.mladibl.com\/index.php?rest_route=%2Fwp%2Fv2%2Fcomments&post=2633"}],"version-history":[{"count":1,"href":"https:\/\/www.mladibl.com\/index.php?rest_route=\/wp\/v2\/posts\/2633\/revisions"}],"predecessor-version":[{"id":2637,"href":"https:\/\/www.mladibl.com\/index.php?rest_route=\/wp\/v2\/posts\/2633\/revisions\/2637"}],"wp:featuredmedia":[{"embeddable":true,"href":"https:\/\/www.mladibl.com\/index.php?rest_route=\/wp\/v2\/media\/2634"}],"wp:attachment":[{"href":"https:\/\/www.mladibl.com\/index.php?rest_route=%2Fwp%2Fv2%2Fmedia&parent=2633"}],"wp:term":[{"taxonomy":"category","embeddable":true,"href":"https:\/\/www.mladibl.com\/index.php?rest_route=%2Fwp%2Fv2%2Fcategories&post=2633"},{"taxonomy":"post_tag","embeddable":true,"href":"https:\/\/www.mladibl.com\/index.php?rest_route=%2Fwp%2Fv2%2Ftags&post=2633"}],"curies":[{"name":"wp","href":"https:\/\/api.w.org\/{rel}","templated":true}]}}