{"id":26281,"date":"2022-12-11T20:51:39","date_gmt":"2022-12-11T18:51:39","guid":{"rendered":"https:\/\/www.mladibl.com\/?p=26281"},"modified":"2022-12-11T20:51:40","modified_gmt":"2022-12-11T18:51:40","slug":"utorak-u-banskom-dvoru-izlozba-danas-sam-akademske-slikarke-danijele-mihic","status":"publish","type":"post","link":"https:\/\/www.mladibl.com\/?p=26281","title":{"rendered":"Utorak u Banskom dvoru: Izlo\u017eba \u201eDanas sam\u2026\u201c akademske slikarke Danijele Mihi\u0107"},"content":{"rendered":"\n<p>U Malom izlo\u017ebenom salonu Kulturnog centra Banski dvor, u utorak 13. decembra u 19.00 \u010dasova bi\u0107e otvorena izlo\u017eba \u201eDanas sam\u2026\u201c akademske slikarke Danijele Mihi\u0107.<\/p>\n\n\n\n<p>-\u201eIzlo\u017eba Danas sam\u2026 nosi naziv po jednoj od serija Danijelinih slika, u kojoj umjetnica slikaju\u0107i autoportrete na duhovit na\u010din problematizuje odre\u0111ene obrasce razmi\u0161ljanja i pona\u0161anja. Autoportet je inspirativan za autorku, i vrlo \u010desto, koriste\u0107i sebe kao sredstvo izra\u017eavanja, ona nam pokazuje emocije ili psiholo\u0161ka stanja u kojima se svako od nas mo\u017ee prepoznati. Serija je nastala autorkinom razradom autoportreta u \u0161irem kontekstu \u2013 predstavljaju\u0107i sebe kroz razli\u010dite karaktere, umjetnica stvara lepezu \u017eivopisnih likova, koju su zapravo proizvod njenog analiti\u010dkog promi\u0161ljanja ljudi koji je okru\u017euju i svijeta u kojem se kre\u0107e\u201c \u2013 navedeno je u saop\u0161tenju Banskog dvora.<\/p>\n\n\n\n<p>U saop\u0161tenju dodaju kako slikarka, koriste\u0107i autoportret kao kontekstualni okvir Danijela ide korak dalje od samog preispitivanja vlasite pozicije u dru\u0161tvu.<\/p>\n\n\n\n<p>-Umjetnica se postavlja u razli\u010dite uloge i stvara jedan novi zna\u010denjski sloj svojih radova kroz koji se bavi pitanjima op\u0161teg odnosa prema svijetu stvaraju\u0107i svojevrsnu sociolo\u0161ku studiju kroz igru. Jer proces slikanja za nju po\u010dinje kao igra u kojoj ona bira uloge i odgovaraju\u0107e kostime, koje zatim, vje\u0161tim slikarskim umije\u0107em prenosi na platno. Ova serija nastavlja da se razvija, gdje sada iz polja autoportreta ulazimo u polje portreta, u kojem ljudi iz Danijelinog bliskog okru\u017eenja dobijaju uloge koje potom bivaju \u201eo\u017eivljene\u201c na njenim platnima \u2013 navode.<\/p>\n\n\n\n<p>Dodaju kako kontekst ostaje isti, ali se na\u010din igre mijenja, pa nam tek preostaje da vidimo u kojim pravcima \u0107e nastaviti da se kre\u0107e Danijelina serija.<\/p>\n\n\n\n<p>Danijela Mihi\u0107 u svojim radovima oslikava dru\u0161tveni svijet na\u0161e svakodnevice, a slika tog svijeta u njenoj umjetnosti uvijena je u veo humora i ironije.<\/p>\n\n\n\n<figure class=\"wp-block-image size-large\"><img decoding=\"async\" src=\"https:\/\/www.banjaluka.rs.ba\/wp-content\/uploads\/2022\/12\/317635394_520418990137095_7256402510788348964_n.jpg\" alt=\"\"\/><\/figure>\n\n\n\n<p>Preuzeto sa: <a href=\"https:\/\/www.banjaluka.rs.ba\/utorak-u-banskom-dvoru-izlozba-danas-sam-akademske-slikarke-danijele-mihic\/\" target=\"_blank\" rel=\"noreferrer noopener\">Grad Banja Luka<\/a><\/p>\n","protected":false},"excerpt":{"rendered":"<p>U Malom izlo\u017ebenom salonu Kulturnog centra Banski dvor, u utorak 13. decembra u 19.00 \u010dasova bi\u0107e otvorena izlo\u017eba \u201eDanas sam\u2026\u201c<\/p>\n","protected":false},"author":1,"featured_media":26272,"comment_status":"closed","ping_status":"open","sticky":false,"template":"","format":"standard","meta":{"om_disable_all_campaigns":false,"_monsterinsights_skip_tracking":false,"_monsterinsights_sitenote_active":false,"_monsterinsights_sitenote_note":"","_monsterinsights_sitenote_category":0,"footnotes":""},"categories":[2],"tags":[881,10187,8558,699,8459],"class_list":["post-26281","post","type-post","status-publish","format-standard","has-post-thumbnail","hentry","category-vijesti","tag-banski-dvor","tag-danas-sam","tag-danijela-mihic","tag-izlozba","tag-slikarka"],"jetpack_featured_media_url":"https:\/\/www.mladibl.com\/wp-content\/uploads\/2022\/12\/Utorak-u-Banskom-dvoru-Izlozba-\u201eDanas-sam\u2026-akademske-slikarke-Danijele-Mihic.jpg","amp_enabled":true,"_links":{"self":[{"href":"https:\/\/www.mladibl.com\/index.php?rest_route=\/wp\/v2\/posts\/26281","targetHints":{"allow":["GET"]}}],"collection":[{"href":"https:\/\/www.mladibl.com\/index.php?rest_route=\/wp\/v2\/posts"}],"about":[{"href":"https:\/\/www.mladibl.com\/index.php?rest_route=\/wp\/v2\/types\/post"}],"author":[{"embeddable":true,"href":"https:\/\/www.mladibl.com\/index.php?rest_route=\/wp\/v2\/users\/1"}],"replies":[{"embeddable":true,"href":"https:\/\/www.mladibl.com\/index.php?rest_route=%2Fwp%2Fv2%2Fcomments&post=26281"}],"version-history":[{"count":1,"href":"https:\/\/www.mladibl.com\/index.php?rest_route=\/wp\/v2\/posts\/26281\/revisions"}],"predecessor-version":[{"id":26282,"href":"https:\/\/www.mladibl.com\/index.php?rest_route=\/wp\/v2\/posts\/26281\/revisions\/26282"}],"wp:featuredmedia":[{"embeddable":true,"href":"https:\/\/www.mladibl.com\/index.php?rest_route=\/wp\/v2\/media\/26272"}],"wp:attachment":[{"href":"https:\/\/www.mladibl.com\/index.php?rest_route=%2Fwp%2Fv2%2Fmedia&parent=26281"}],"wp:term":[{"taxonomy":"category","embeddable":true,"href":"https:\/\/www.mladibl.com\/index.php?rest_route=%2Fwp%2Fv2%2Fcategories&post=26281"},{"taxonomy":"post_tag","embeddable":true,"href":"https:\/\/www.mladibl.com\/index.php?rest_route=%2Fwp%2Fv2%2Ftags&post=26281"}],"curies":[{"name":"wp","href":"https:\/\/api.w.org\/{rel}","templated":true}]}}