{"id":2621,"date":"2020-08-31T11:21:29","date_gmt":"2020-08-31T09:21:29","guid":{"rendered":"http:\/\/www.mladibl.com\/?p=2621"},"modified":"2020-08-31T11:21:31","modified_gmt":"2020-08-31T09:21:31","slug":"poziv-za-projektne-prijedloge-jacanje-regionalne-saradnje-na-promociji-gradanskog-prostora-u-zemljama-zapadnog-balkana","status":"publish","type":"post","link":"https:\/\/www.mladibl.com\/?p=2621","title":{"rendered":"Poziv za projektne prijedloge: \u201cJa\u010danje regionalne saradnje na promociji gra\u0111anskog prostora u zemljama Zapadnog Balkana\u201d"},"content":{"rendered":"\n<p>Op\u0161ti cil\u0458 predmetnog poziva je podr\u0161ka regionalnim mre\u017eama i inicijativama na Zapadnom Balkanu finansiranjem projekata koji doprinose ve\u0107em u\u010de\u0161\u0107u i ja\u010danju regionalne saradnje izme\u0111u organizacija civilnog dru\u0161tva (OCD) u promociji gra\u0111anskog prostora.<\/p>\n\n\n\n<p>Specifi\u010dni cil\u0458evi:<\/p>\n\n\n\n<ul class=\"wp-block-list\"><li>S.C.1- Stvaranje povol\u0458nijeg okru\u017eenja za razvoj civilnog dru\u0161tva;<\/li><li>S.C.2-Pove\u0107anje transparentnosti i odgovornosti u radu organizacija civilnog dru\u0161tva.<\/li><\/ul>\n\n\n\n<p>Na predmetni poziv mogu se prijaviti regionalne mre\u017ee organizacija civilnog dru\u0161tva registrovane u jednoj od zemal\u0458a Zapadnog Balkana.<\/p>\n\n\n\n<p>Veli\u010dina granta za koji potencijalni aplikanti mogu aplicirati iznosi:<\/p>\n\n\n\n<ul class=\"wp-block-list\"><li>Specifi\u010dni cilj 1: minimalno 30.000 eura, maksimalno 70.000 eura (uklju\u010duju\u0107i i tro\u0161kove audita),<\/li><li>Specifi\u010dni cilj 2: minimalno 20.000 eura, maksimalno 40.000 eura (uklju\u010duju\u0107i i tro\u0161kove audita).<\/li><\/ul>\n\n\n\n<p>Sufinansiranje od strane aplikanta se ne zahtjeva u okviru ovog poziva. Donator pokriva cjelokupan iznos tro\u0161kova projekta.<\/p>\n\n\n\n<p>Rok za dostavl\u0458anje prijava je 15. septembar 2020. godine do 24:00 \u010dasa.<\/p>\n\n\n\n<p>\u201eSmjernice za aplikante\u201c mo\u017eete pogledati i preuzeti <strong><a href=\"https:\/\/www.dropbox.com\/s\/kijim5cxgoy4o9o\/20200807-%D0%A1%D0%BC%D1%98%D0%B5%D1%80%D0%BD%D0%B8%D1%86%D0%B5%20%D0%B7%D0%B0%20%D0%B0%D0%BF%D0%BB%D0%B8%D0%BA%D0%B0%D0%BD%D1%82%D0%B5.pdf?dl=0\" target=\"_blank\" rel=\"noreferrer noopener\" aria-label=\" (opens in a new tab)\">OVDJE<\/a><\/strong>.<\/p>\n\n\n\n<p>Vi\u0161e informacija o Pozivu mo\u017eete pogledati <strong><a href=\"http:\/\/www.balkancsd.net\/regional-cs-hub\/regional-cs-hub-regional-action-grants\/\" target=\"_blank\" rel=\"noreferrer noopener\" aria-label=\"OVDJE (opens in a new tab)\">OVDJE<\/a><\/strong>.<\/p>\n\n\n\n<p>Preuzeto sa: <a href=\"https:\/\/www.mreza-mira.net\/vijesti\/pozivi-za-projekte\/jacanje-regionalne-saradnje-na-promociji-gradanskog-prostora-u-zemljama-zapadnog-balkana\/\" target=\"_blank\" rel=\"noreferrer noopener\" aria-label=\"mreza-mira.net (opens in a new tab)\">mreza-mira.net<\/a><\/p>\n","protected":false},"excerpt":{"rendered":"<p>Op\u0161ti cil\u0458 predmetnog poziva je podr\u0161ka regionalnim mre\u017eama i inicijativama na Zapadnom Balkanu finansiranjem projekata koji doprinose ve\u0107em u\u010de\u0161\u0107u i<\/p>\n","protected":false},"author":1,"featured_media":2622,"comment_status":"closed","ping_status":"open","sticky":false,"template":"","format":"standard","meta":{"om_disable_all_campaigns":false,"_monsterinsights_skip_tracking":false,"_monsterinsights_sitenote_active":false,"_monsterinsights_sitenote_note":"","_monsterinsights_sitenote_category":0,"footnotes":""},"categories":[7],"tags":[1191,1189,211,450,1190,159],"class_list":["post-2621","post","type-post","status-publish","format-standard","has-post-thumbnail","hentry","category-grantovi","tag-gradanski-prostor","tag-jacanje","tag-poziv-za-projekte","tag-promocija","tag-regionalna-saradnja","tag-zapadni-balkan"],"jetpack_featured_media_url":"https:\/\/www.mladibl.com\/wp-content\/uploads\/2020\/08\/Poziv-za-projektne-prijedloge-Ja\u010danje-regionalne-saradnje-na-promociji-gra\u0111anskog-prostora-u-zemljama-Zapadnog-Balkana.png","amp_enabled":true,"_links":{"self":[{"href":"https:\/\/www.mladibl.com\/index.php?rest_route=\/wp\/v2\/posts\/2621","targetHints":{"allow":["GET"]}}],"collection":[{"href":"https:\/\/www.mladibl.com\/index.php?rest_route=\/wp\/v2\/posts"}],"about":[{"href":"https:\/\/www.mladibl.com\/index.php?rest_route=\/wp\/v2\/types\/post"}],"author":[{"embeddable":true,"href":"https:\/\/www.mladibl.com\/index.php?rest_route=\/wp\/v2\/users\/1"}],"replies":[{"embeddable":true,"href":"https:\/\/www.mladibl.com\/index.php?rest_route=%2Fwp%2Fv2%2Fcomments&post=2621"}],"version-history":[{"count":1,"href":"https:\/\/www.mladibl.com\/index.php?rest_route=\/wp\/v2\/posts\/2621\/revisions"}],"predecessor-version":[{"id":2623,"href":"https:\/\/www.mladibl.com\/index.php?rest_route=\/wp\/v2\/posts\/2621\/revisions\/2623"}],"wp:featuredmedia":[{"embeddable":true,"href":"https:\/\/www.mladibl.com\/index.php?rest_route=\/wp\/v2\/media\/2622"}],"wp:attachment":[{"href":"https:\/\/www.mladibl.com\/index.php?rest_route=%2Fwp%2Fv2%2Fmedia&parent=2621"}],"wp:term":[{"taxonomy":"category","embeddable":true,"href":"https:\/\/www.mladibl.com\/index.php?rest_route=%2Fwp%2Fv2%2Fcategories&post=2621"},{"taxonomy":"post_tag","embeddable":true,"href":"https:\/\/www.mladibl.com\/index.php?rest_route=%2Fwp%2Fv2%2Ftags&post=2621"}],"curies":[{"name":"wp","href":"https:\/\/api.w.org\/{rel}","templated":true}]}}