{"id":2615,"date":"2020-08-31T11:12:50","date_gmt":"2020-08-31T09:12:50","guid":{"rendered":"http:\/\/www.mladibl.com\/?p=2615"},"modified":"2020-08-31T11:12:52","modified_gmt":"2020-08-31T09:12:52","slug":"pismo-podrske-ucenicima-i-zaposlenim-u-skolama","status":"publish","type":"post","link":"https:\/\/www.mladibl.com\/?p=2615","title":{"rendered":"Pismo podr\u0161ke u\u010denicima i zaposlenim u \u0161kolama"},"content":{"rendered":"\n<p>Ministar prosvjete i kulture Republike Srpske mr Natalija Trivi\u0107 uputila je pismo podr\u0161ke u\u010denicima i svim zaposlenim u \u0161kolama i po\u017eeljela sre\u0107an i uspje\u0161an po\u010detak nove \u0161kolske 2020\/2021. godine.<\/p>\n\n\n\n<p>\u201ePrije onoga \u0161to nas sve zajedno o\u010dekuje, a to je striktno po\u0161tovanje epidemiolo\u0161kih mjera, \u017eelim da vam se zahvalim, svakom pojedina\u010dno, za saradnju, solidarnost i razumijevanje koje ste pokazali u vezi sa organizacijom nastavnog procesa u uslovima trajanja pandemije virusa korona kako bi se prethodna \u0161kolska 2019\/2020. godina zavr\u0161ila uspje\u0161no. Veoma je va\u017eno da u ovakvim vremenima poka\u017eemo strpljenje i spremnost na saradnju kojom ste jo\u0161 jednom potvrdili svoju posve\u0107enost pozivu koji ste odabrali\u201c, navodi se u pismu ministra Natalije Trivi\u0107.<\/p>\n\n\n\n<p>\u201eVjerujem i sada da mo\u017eemo zajedno prevazi\u0107i sve izazove koji se budu postavljali ispred nas u novoj \u0161kolskoj godini,  posebno vode\u0107i ra\u010duna o o\u010duvanju zdravlja u\u010denika, nastavnika, stru\u010dnih saradnika i svih zaposlenih u \u0161kolama. Veoma je va\u017eno da njegujemo podsticajnu atmosferu, bez obzira na okolnosti, kao i da posebnu pa\u017enju posvetimo razvijanju me\u0111usobnog povjerenja, razumijevanja i ja\u010danja saradni\u010dkih odnosa u \u0161kolama\u201c, navodi se u pismu podr\u0161ke ministra Natalije Trivi\u0107.<\/p>\n\n\n\n<p>Isti\u010de se da \u0107e i u veoma ote\u017eanim epidemiolo\u0161kim okolnostima, biti nastavljeni reformski procesi sa jasnim opredjeljenjem da stvorimo \u201eNovu \u0161kolu za novo doba\u201c.<\/p>\n\n\n\n<p>\u201e\u0160kolsku godinu zapo\u010dinjemo u obnovljenim \u0161kolskim prostorima, sa eU\u010dionicama i digitalizovanim sadr\u017eajima, inoviranim nastavnim programima, razvijenim programom fakultativne nastave,  intenzivnim obukama nastavnog osoblja, obaveznim vje\u017ebanjem na po\u010detku svakog nastavnog dana za najmla\u0111e, te  stipendijama za srednjo\u0161kolce koji su upisali deficitarna zanimanja.<\/p>\n\n\n\n<p>Vjerujem da zajedno mo\u017eemo izgraditi \u201enovu \u0161kolu za novo doba\u201c i unaprijediti na\u0161 vaspitno-obrazovni sistem po mjeri u\u010denika.  Cilj nam je da stvorimo sve preduslove za zdrav rast i razvoj na\u0161ih u\u010denika, da ih rasteretimo suvi\u0161nog gradiva i motivi\u0161emo da sti\u010du znanja i vje\u0161tine koje \u0107e sutra znati primijeniti u \u017eivotu. <\/p>\n\n\n\n<p>U ovom procesu svi u\u010desnici su jednako va\u017eni, od stru\u010dnih i ekspertskih timova koji  putem temeljnih analiza donose najbolja rje\u0161enja, stru\u010dnih institucija koje \u0107e taj posao valorizovati i u\u010diniti primjenjivim u novom vaspitno-obrazovnom procesu, zatim u\u010denika, njihovih roditelja, rukovodstva \u0161kole, stru\u010dnih slu\u017ebi i posebno nastavnika, \u010dija je uloga nezamjenjiva i presudna u cijelom procesu. Izuzetno cijenim posve\u0107enost prosvjetnih radnika u svakodnevnom radu sa u\u010denicima, te su i na\u0161a nastojanja da pobolj\u0161amo polo\u017eaj prosvjetnih radnika jedna od prioritetnih\u201c,  navodi se u pismu ministra Natalije Trivi\u0107.<\/p>\n\n\n\n<p>Preuzeto sa: <a href=\"https:\/\/vladars.net\/sr-SP-Cyrl\/Vlada\/Ministarstva\/mpk\/media\/vijesti\/Pages\/Pismo-podr%C5%A1ke.aspx\" target=\"_blank\" rel=\"noreferrer noopener\" aria-label=\"Ministarstvo prosvjete i kulture (opens in a new tab)\">Ministarstvo prosvjete i kulture<\/a><\/p>\n","protected":false},"excerpt":{"rendered":"<p>Ministar prosvjete i kulture Republike Srpske mr Natalija Trivi\u0107 uputila je pismo podr\u0161ke u\u010denicima i svim zaposlenim u \u0161kolama i<\/p>\n","protected":false},"author":1,"featured_media":2616,"comment_status":"closed","ping_status":"open","sticky":false,"template":"","format":"standard","meta":{"om_disable_all_campaigns":false,"_monsterinsights_skip_tracking":false,"_monsterinsights_sitenote_active":false,"_monsterinsights_sitenote_note":"","_monsterinsights_sitenote_category":0,"footnotes":""},"categories":[31],"tags":[746,1184,1183,783,568],"class_list":["post-2615","post","type-post","status-publish","format-standard","has-post-thumbnail","hentry","category-ministarstva","tag-ministarstvo-prosvjete-i-kulture","tag-nastavnici","tag-pismo-podrske","tag-skole","tag-ucenici"],"jetpack_featured_media_url":"https:\/\/www.mladibl.com\/wp-content\/uploads\/2020\/08\/Pismo-podr\u0161ke-u\u010denicima-i-zaposlenim-u-\u0161kolama.jpg","amp_enabled":true,"_links":{"self":[{"href":"https:\/\/www.mladibl.com\/index.php?rest_route=\/wp\/v2\/posts\/2615","targetHints":{"allow":["GET"]}}],"collection":[{"href":"https:\/\/www.mladibl.com\/index.php?rest_route=\/wp\/v2\/posts"}],"about":[{"href":"https:\/\/www.mladibl.com\/index.php?rest_route=\/wp\/v2\/types\/post"}],"author":[{"embeddable":true,"href":"https:\/\/www.mladibl.com\/index.php?rest_route=\/wp\/v2\/users\/1"}],"replies":[{"embeddable":true,"href":"https:\/\/www.mladibl.com\/index.php?rest_route=%2Fwp%2Fv2%2Fcomments&post=2615"}],"version-history":[{"count":1,"href":"https:\/\/www.mladibl.com\/index.php?rest_route=\/wp\/v2\/posts\/2615\/revisions"}],"predecessor-version":[{"id":2617,"href":"https:\/\/www.mladibl.com\/index.php?rest_route=\/wp\/v2\/posts\/2615\/revisions\/2617"}],"wp:featuredmedia":[{"embeddable":true,"href":"https:\/\/www.mladibl.com\/index.php?rest_route=\/wp\/v2\/media\/2616"}],"wp:attachment":[{"href":"https:\/\/www.mladibl.com\/index.php?rest_route=%2Fwp%2Fv2%2Fmedia&parent=2615"}],"wp:term":[{"taxonomy":"category","embeddable":true,"href":"https:\/\/www.mladibl.com\/index.php?rest_route=%2Fwp%2Fv2%2Fcategories&post=2615"},{"taxonomy":"post_tag","embeddable":true,"href":"https:\/\/www.mladibl.com\/index.php?rest_route=%2Fwp%2Fv2%2Ftags&post=2615"}],"curies":[{"name":"wp","href":"https:\/\/api.w.org\/{rel}","templated":true}]}}