{"id":2612,"date":"2020-08-31T11:10:20","date_gmt":"2020-08-31T09:10:20","guid":{"rendered":"http:\/\/www.mladibl.com\/?p=2612"},"modified":"2020-08-31T11:10:23","modified_gmt":"2020-08-31T09:10:23","slug":"program-od-16-milion-km-u-utorak-konkurs-za-stipendije-srednjoskolcima","status":"publish","type":"post","link":"https:\/\/www.mladibl.com\/?p=2612","title":{"rendered":"Program od 1,6 milion KM: U utorak konkurs za stipendije srednjo\u0161kolcima"},"content":{"rendered":"\n<p>Grad Banja Luka \u0107e u utorak, 1. septembra, raspisati konkurs za dodjelu stipendija u\u010denicima srednjih \u0161kola, u okviru gradskog programa stipendija, vrijednog oko 1,6 milion KM.<\/p>\n\n\n\n<p>Konkurs \u0107e biti raspisan za tri vrste stipendije i to: prema socijalnom statusu, za uspjeh u \u0161koli i za deficitarna zanimanja.<\/p>\n\n\n\n<p>Visina stipendije u \u0161kolskoj 2020\/21. godini za uspjeh u \u0161koli i prema socijalnom statusu iznosi 80 KM, a za deficitarna zanimanja 160 KM. Deficitarna zanimanja u narednoj \u0161kolskoj godini za u\u010denike srednjih \u0161kola su: zavariva\u010d, zidar i armira\u010d betonirac, tehni\u010dar modelar obu\u0107e, dizajner modni tehni\u010dar i pekar.<\/p>\n\n\n\n<p>Prijave na konkurs, a potrebnom dokumentacijom, u\u010denici dostavljaju Odjeljenju za obrazovanje, zdravstvo, omladinu i sport, a konkurs je otvoren 30 dana.<\/p>\n\n\n\n<p>Grad Banja Luka je nedavno uspje\u0161no okon\u010dao isplatu u\u010deni\u010dkih stipendija za proteklu \u0161kolsku godinu kada su izvr\u0161ene uplate devete i desete rate stipendije za 1.186 srednjo\u0161kolaca za \u0161kolsku 2019\/20. godinu.<\/p>\n\n\n\n<p>Preuzeto sa: <a href=\"http:\/\/www.banjaluka.rs.ba\/%d0%bf%d1%80%d0%be%d0%b3%d1%80%d0%b0%d0%bc-%d0%be%d0%b4-16-%d0%bc%d0%b8%d0%bb%d0%b8%d0%be%d0%bd-%d0%ba%d0%bc-%d1%83-%d1%83%d1%82%d0%be%d1%80%d0%b0%d0%ba-%d0%ba%d0%be%d0%bd%d0%ba%d1%83%d1%80%d1%81\/\" target=\"_blank\" rel=\"noreferrer noopener\" aria-label=\"Grad Banja Luka (opens in a new tab)\">Grad Banja Luka<\/a><\/p>\n","protected":false},"excerpt":{"rendered":"<p>Grad Banja Luka \u0107e u utorak, 1. septembra, raspisati konkurs za dodjelu stipendija u\u010denicima srednjih \u0161kola, u okviru gradskog programa<\/p>\n","protected":false},"author":1,"featured_media":2613,"comment_status":"closed","ping_status":"open","sticky":false,"template":"","format":"standard","meta":{"om_disable_all_campaigns":false,"_monsterinsights_skip_tracking":false,"_monsterinsights_sitenote_active":false,"_monsterinsights_sitenote_note":"","_monsterinsights_sitenote_category":0,"footnotes":""},"categories":[2],"tags":[27,61,60],"class_list":["post-2612","post","type-post","status-publish","format-standard","has-post-thumbnail","hentry","category-vijesti","tag-grad-banja-luka","tag-srednjoskolci","tag-stipendije"],"jetpack_featured_media_url":"https:\/\/www.mladibl.com\/wp-content\/uploads\/2020\/08\/Program-od-16-milion-KM-U-utorak-konkurs-za-stipendije-srednjo\u0161kolcima.jpg","amp_enabled":true,"_links":{"self":[{"href":"https:\/\/www.mladibl.com\/index.php?rest_route=\/wp\/v2\/posts\/2612","targetHints":{"allow":["GET"]}}],"collection":[{"href":"https:\/\/www.mladibl.com\/index.php?rest_route=\/wp\/v2\/posts"}],"about":[{"href":"https:\/\/www.mladibl.com\/index.php?rest_route=\/wp\/v2\/types\/post"}],"author":[{"embeddable":true,"href":"https:\/\/www.mladibl.com\/index.php?rest_route=\/wp\/v2\/users\/1"}],"replies":[{"embeddable":true,"href":"https:\/\/www.mladibl.com\/index.php?rest_route=%2Fwp%2Fv2%2Fcomments&post=2612"}],"version-history":[{"count":1,"href":"https:\/\/www.mladibl.com\/index.php?rest_route=\/wp\/v2\/posts\/2612\/revisions"}],"predecessor-version":[{"id":2614,"href":"https:\/\/www.mladibl.com\/index.php?rest_route=\/wp\/v2\/posts\/2612\/revisions\/2614"}],"wp:featuredmedia":[{"embeddable":true,"href":"https:\/\/www.mladibl.com\/index.php?rest_route=\/wp\/v2\/media\/2613"}],"wp:attachment":[{"href":"https:\/\/www.mladibl.com\/index.php?rest_route=%2Fwp%2Fv2%2Fmedia&parent=2612"}],"wp:term":[{"taxonomy":"category","embeddable":true,"href":"https:\/\/www.mladibl.com\/index.php?rest_route=%2Fwp%2Fv2%2Fcategories&post=2612"},{"taxonomy":"post_tag","embeddable":true,"href":"https:\/\/www.mladibl.com\/index.php?rest_route=%2Fwp%2Fv2%2Ftags&post=2612"}],"curies":[{"name":"wp","href":"https:\/\/api.w.org\/{rel}","templated":true}]}}