{"id":26104,"date":"2022-12-05T23:58:21","date_gmt":"2022-12-05T21:58:21","guid":{"rendered":"https:\/\/www.mladibl.com\/?p=26104"},"modified":"2022-12-05T23:58:22","modified_gmt":"2022-12-05T21:58:22","slug":"ubuntu-guitarfest-banja-luka-2022-festival-klasicne-gitare","status":"publish","type":"post","link":"https:\/\/www.mladibl.com\/?p=26104","title":{"rendered":"Ubuntu Guitarfest Banja Luka 2022 festival klasi\u010dne gitare"},"content":{"rendered":"\n<p>Asocijacija gitarista 102 \u017eice okuplja gitariste, nastavnike i profesore gitare. Osnovana je 2015. u Banjaluci.<\/p>\n\n\n\n<p>Asocijacija promovi\u0161e umjetni\u010dku muziku koncertnim, pedago\u0161kim i nau\u010dnim djelovanjem, doprinosi raznolikosti kulturne i umjetni\u010dke ponude, te omogu\u0107uje stru\u010dno usavr\u0161avanje svim u\u010denicima i studentima gitare, kao i profesionalnim gitaristima.<\/p>\n\n\n\n<p>Proistekla je iz djelovanja Orkestra 102 gitarske \u017eice koji okuplja gitariste iz Biha\u0107a, Prijedora i Banjaluke.<\/p>\n\n\n\n<p>Prvi koncert Orkestra odr\u017ean je u Biha\u0107u, juna 2014, a potom i u Prijedoru i Banjaluci. Tokom naredne tri godine realizovano je nekoliko koncertnih projekata \u0161irom BiH. Posljednji koncert odr\u017ean je na Sarajevo International Guitar Festivalu, u aprilu 2017.<\/p>\n\n\n\n<p>Poslije toga Asocijacija je realizovala i projekat decentralizacije kulture pod nazivom Muzi\u010dko putovanje, koji je sproveo gitarski trio Volante. Projekat je podr\u017ean od strane Ministarstva prosvjete i kulture Republike Srpske.<\/p>\n\n\n\n<p>Ubuntu Guitarfest je projekat Asocijacije i realizuje se po \u010detvrti put uz podr\u0161ku Ministarstva prosvjete i kulture Republike Srpske i Grada Banja Luka.<\/p>\n\n\n\n<figure class=\"wp-block-image size-large\"><img decoding=\"async\" src=\"https:\/\/blmojgrad.com\/wp-content\/uploads\/2022\/12\/Ubuntu-Guitarfest.jpg\" alt=\"\"\/><\/figure>\n\n\n\n<p>Centralni doga\u0111aj \u010detvrtog izdanja Festivala predstavljaju dva ve\u010dernja koncerta na kojima \u0107e nastupiti<\/p>\n\n\n\n<p>Kupinski Guitar Duo, Ewa Jab\u0142czy\u0144ska i Dariusz Kupi\u0144ski iz Poljske (petak 9. decembar) i Milo\u0161 Janji\u0107 iz Srbije (subota 10. decembar).<\/p>\n\n\n\n<p>Na dnevnom programu su:<\/p>\n\n\n\n<p>\u2013 Majstorske radionice koje \u0107e odr\u017eati Ewa Jab\u0142czy\u0144ska, Dariusz Kupi\u0144ski, Milo\u0161 Janji\u0107, Vera Ogrizovi\u0107, Stevan Jovi\u0107 i Violeta Lu\u010di\u0107.<\/p>\n\n\n\n<p>\u2013 Predavanje na temu \u201cProblemi i metode rada u kamernim sastavima\u201d. Ovo predavanje nije namijenjeno isklju\u010divo gitaristima ve\u0107 svim instrumentalistima, u\u010denicima i studentima, kao i njihovim profesorima.<\/p>\n\n\n\n<p>\u2013 Promocija zbirke kompozicija za gitaru \u201cMaestri 1\u201d u izdanju Asocijacije gitarista Vojvodine. Zbirku \u0107e predstaviti Stevan Jovi\u0107, jedan od autora zbirke.<\/p>\n\n\n\n<p>\u2013 Prezentacija instrumenata banjalu\u010dkog graditelja Zorana Kuva\u010da.<\/p>\n\n\n\n<p>Saradnja i institucije<\/p>\n\n\n\n<p>Festival je u programske svrhe ostvario saradnju sa KC Banski dvor gdje \u0107e biti odr\u017eani ve\u010dernji koncerti, predavanje, promocija zbirke i prezentacija instrumenata. Dnevni program koji obuhvata majstorske radionice bi\u0107e odr\u017ean u prostorijama JU Umjetni\u010dka \u0161kola Vlado Milo\u0161evi\u0107.<\/p>\n\n\n\n<p>Program Ubuntu Guitarfest-a 2022.<\/p>\n\n\n\n<p>Ve\u010dernji program:<\/p>\n\n\n\n<p>Banski dvor, petak 9.12.2022. Banski dvor, subota 10.12.2022.<\/p>\n\n\n\n<p>20.00 \u010dasova Sve\u010dano otvaranje Festivala<\/p>\n\n\n\n<p>Kupinski Guitar Duo (Poljska)<\/p>\n\n\n\n<p>Ewa Jab\u0142czy\u0144ska i Dariusz Kupi\u0144ski- koncert<\/p>\n\n\n\n<p>20.00 \u010dasova Milo\u0161 Janji\u0107 (Srbija) -koncert<\/p>\n\n\n\n<p>Dnevni program:<\/p>\n\n\n\n<p>JU Umjetni\u010dka \u0161kola Vlado Milo\u0161evi\u0107, 9-11. decembar 2022:<\/p>\n\n\n\n<p>\u2013 majstorske radionice (Ewa Jab\u0142czy\u0144ska, Dariusz Kupi\u0144ski, Milo\u0161 Janji\u0107, Vera Ogrizovi\u0107, Stevan Jovi\u0107 i Violeta Lu\u010di\u0107)<\/p>\n\n\n\n<p>Kulturni centar Banski dvor, 10. novembar 2022:<\/p>\n\n\n\n<p>\u2013 10.00 \u010dasova \u2013 predavanje \u201cProblemi i metode rada u kamernim sastavima\u201d, Kupinski Guitar Duo<\/p>\n\n\n\n<p>\u2013 11.30 \u010dasova \u2013 promocija zbirke kompozicija za gitaru \u201cMaestri 1\u201d, Stevan Jovi\u0107<\/p>\n\n\n\n<p>\u2013 12.15 \u010dasova \u2013 promocija gitara Zorana Kuva\u010da.<\/p>\n\n\n\n<p>Preuzeto sa: <a href=\"https:\/\/blmojgrad.com\/ubuntu-guitarfest-banja-luka-2022-festival-klasicne-gitare\/\" target=\"_blank\" rel=\"noreferrer noopener\">blomojgrad.com<\/a><\/p>\n","protected":false},"excerpt":{"rendered":"<p>Asocijacija gitarista 102 \u017eice okuplja gitariste, nastavnike i profesore gitare. Osnovana je 2015. u Banjaluci. Asocijacija promovi\u0161e umjetni\u010dku muziku koncertnim,<\/p>\n","protected":false},"author":1,"featured_media":26089,"comment_status":"closed","ping_status":"open","sticky":false,"template":"","format":"standard","meta":{"om_disable_all_campaigns":false,"_monsterinsights_skip_tracking":false,"_monsterinsights_sitenote_active":false,"_monsterinsights_sitenote_note":"","_monsterinsights_sitenote_category":0,"footnotes":""},"categories":[6],"tags":[53,707,10137,6984,10136],"class_list":["post-26104","post","type-post","status-publish","format-standard","has-post-thumbnail","hentry","category-dogadjaji","tag-banja-luka","tag-festival","tag-guitarfest","tag-klasicna-gitara","tag-ubuntu"],"jetpack_featured_media_url":"https:\/\/www.mladibl.com\/wp-content\/uploads\/2022\/12\/Ubuntu-Guitarfest-Banja-Luka-2022-festival-klasicne-gitare.jpg","amp_enabled":true,"_links":{"self":[{"href":"https:\/\/www.mladibl.com\/index.php?rest_route=\/wp\/v2\/posts\/26104","targetHints":{"allow":["GET"]}}],"collection":[{"href":"https:\/\/www.mladibl.com\/index.php?rest_route=\/wp\/v2\/posts"}],"about":[{"href":"https:\/\/www.mladibl.com\/index.php?rest_route=\/wp\/v2\/types\/post"}],"author":[{"embeddable":true,"href":"https:\/\/www.mladibl.com\/index.php?rest_route=\/wp\/v2\/users\/1"}],"replies":[{"embeddable":true,"href":"https:\/\/www.mladibl.com\/index.php?rest_route=%2Fwp%2Fv2%2Fcomments&post=26104"}],"version-history":[{"count":1,"href":"https:\/\/www.mladibl.com\/index.php?rest_route=\/wp\/v2\/posts\/26104\/revisions"}],"predecessor-version":[{"id":26105,"href":"https:\/\/www.mladibl.com\/index.php?rest_route=\/wp\/v2\/posts\/26104\/revisions\/26105"}],"wp:featuredmedia":[{"embeddable":true,"href":"https:\/\/www.mladibl.com\/index.php?rest_route=\/wp\/v2\/media\/26089"}],"wp:attachment":[{"href":"https:\/\/www.mladibl.com\/index.php?rest_route=%2Fwp%2Fv2%2Fmedia&parent=26104"}],"wp:term":[{"taxonomy":"category","embeddable":true,"href":"https:\/\/www.mladibl.com\/index.php?rest_route=%2Fwp%2Fv2%2Fcategories&post=26104"},{"taxonomy":"post_tag","embeddable":true,"href":"https:\/\/www.mladibl.com\/index.php?rest_route=%2Fwp%2Fv2%2Ftags&post=26104"}],"curies":[{"name":"wp","href":"https:\/\/api.w.org\/{rel}","templated":true}]}}