{"id":26102,"date":"2022-12-05T23:56:35","date_gmt":"2022-12-05T21:56:35","guid":{"rendered":"https:\/\/www.mladibl.com\/?p=26102"},"modified":"2022-12-05T23:56:36","modified_gmt":"2022-12-05T21:56:36","slug":"panel-diskusija-pricajmo-o-rodno-osjetljivom-jeziku%cb%ae","status":"publish","type":"post","link":"https:\/\/www.mladibl.com\/?p=26102","title":{"rendered":"Panel-diskusija \u201ePri\u010dajmo o rodno osjetljivom jeziku\u02ee"},"content":{"rendered":"\n<p>Panel-diskusija \u201ePri\u010dajmo o rodno osjetljivom jeziku\u02ee bi\u0107e odr\u017eana 6. decembra 2022. godine u 14 \u010dasova, u sali 201 na prvom spratu Fakulteta politi\u010dkih nauka Univerziteta u Banjoj Luci.<\/p>\n\n\n\n<p>Ovu panel-diskusiju, u sklopu kampanje ,,16 dana aktivizma protiv nasilja nad \u017eenama\u02ee organizuje Univerzitet u Banjoj Luci, putem Savjetodavnog odbora za rodnu ravnopravnost. Ina\u010de, aktivnosti u okviru ove kampanje provode se u okviru projekta UNIGEM, finansijski podr\u017eanog od strane Vlade Ujedinjenog Kraljevstva, a koji se realizuje u partnerstvu sa 19 univerziteta iz Bosne i Hercegovine, Srbije, Hrvatske i Crne Gore, a me\u0111u kojima je i Univerzitet u Banjoj Luci.<\/p>\n\n\n\n<p>Preuzeto sa: <a href=\"https:\/\/unibl.org\/sr-lat\/vesti\/2022\/12\/panel-diskusija-pricajmo-o-rodno-osjetljivom-jeziku\" target=\"_blank\" rel=\"noreferrer noopener\">Univerzitet u Banjoj Luci<\/a><\/p>\n","protected":false},"excerpt":{"rendered":"<p>Panel-diskusija \u201ePri\u010dajmo o rodno osjetljivom jeziku\u02ee bi\u0107e odr\u017eana 6. decembra 2022. godine u 14 \u010dasova, u sali 201 na prvom<\/p>\n","protected":false},"author":1,"featured_media":26090,"comment_status":"closed","ping_status":"open","sticky":false,"template":"","format":"standard","meta":{"om_disable_all_campaigns":false,"_monsterinsights_skip_tracking":false,"_monsterinsights_sitenote_active":false,"_monsterinsights_sitenote_note":"","_monsterinsights_sitenote_category":0,"footnotes":""},"categories":[6],"tags":[1364,2342,10135],"class_list":["post-26102","post","type-post","status-publish","format-standard","has-post-thumbnail","hentry","category-dogadjaji","tag-diskusija","tag-panel","tag-rodno-osjetiljv-jezik"],"jetpack_featured_media_url":"https:\/\/www.mladibl.com\/wp-content\/uploads\/2022\/12\/Panel-diskusija-\u201ePricajmo-o-rodno-osjetljivom-jeziku\u02ee.jpg","amp_enabled":true,"_links":{"self":[{"href":"https:\/\/www.mladibl.com\/index.php?rest_route=\/wp\/v2\/posts\/26102","targetHints":{"allow":["GET"]}}],"collection":[{"href":"https:\/\/www.mladibl.com\/index.php?rest_route=\/wp\/v2\/posts"}],"about":[{"href":"https:\/\/www.mladibl.com\/index.php?rest_route=\/wp\/v2\/types\/post"}],"author":[{"embeddable":true,"href":"https:\/\/www.mladibl.com\/index.php?rest_route=\/wp\/v2\/users\/1"}],"replies":[{"embeddable":true,"href":"https:\/\/www.mladibl.com\/index.php?rest_route=%2Fwp%2Fv2%2Fcomments&post=26102"}],"version-history":[{"count":1,"href":"https:\/\/www.mladibl.com\/index.php?rest_route=\/wp\/v2\/posts\/26102\/revisions"}],"predecessor-version":[{"id":26103,"href":"https:\/\/www.mladibl.com\/index.php?rest_route=\/wp\/v2\/posts\/26102\/revisions\/26103"}],"wp:featuredmedia":[{"embeddable":true,"href":"https:\/\/www.mladibl.com\/index.php?rest_route=\/wp\/v2\/media\/26090"}],"wp:attachment":[{"href":"https:\/\/www.mladibl.com\/index.php?rest_route=%2Fwp%2Fv2%2Fmedia&parent=26102"}],"wp:term":[{"taxonomy":"category","embeddable":true,"href":"https:\/\/www.mladibl.com\/index.php?rest_route=%2Fwp%2Fv2%2Fcategories&post=26102"},{"taxonomy":"post_tag","embeddable":true,"href":"https:\/\/www.mladibl.com\/index.php?rest_route=%2Fwp%2Fv2%2Ftags&post=26102"}],"curies":[{"name":"wp","href":"https:\/\/api.w.org\/{rel}","templated":true}]}}