{"id":2605,"date":"2020-08-28T16:20:18","date_gmt":"2020-08-28T14:20:18","guid":{"rendered":"http:\/\/www.mladibl.com\/?p=2605"},"modified":"2020-08-28T16:20:20","modified_gmt":"2020-08-28T14:20:20","slug":"milos-kovacevic-medu-mladim-evropskim-ambasadorima-iz-bih","status":"publish","type":"post","link":"https:\/\/www.mladibl.com\/?p=2605","title":{"rendered":"Milo\u0161 Kova\u010devi\u0107 me\u0111u mladim evropskim ambasadorima iz BiH"},"content":{"rendered":"\n<p>Milo\u0161 Kova\u010devi\u0107, izabran je me\u0111u 10 Mladih evropskih ambasadora iz Bosne i Hercegovine te \u0107e biti na\u0161 predstavnik na evropskom nivou u prvom mandatu Mladih evropskih ambasadora koji \u0107e trajati tri godine!<\/p>\n\n\n\n<p>U proteklom periodu imali ste priliku da putem online platforme glasate za svoje kandidate, one koje ste smatrali najboljima i za koje ste htjeli da budu va\u0161 glas \u2013 glas mladih sa Zapadnog Balkana na evropskom nivou. Nakon \u0161to je glasanje zaklju\u010deno, kandidate sa najve\u0107im brojem va\u0161ih glasova ocjenjivao je stru\u010dni \u017eiri koji je donio kona\u010dnu odluku o ambasadorima i ata\u0161eima Evropske Unije koji dolaze iz zemalja Zapadnog Balkana.<\/p>\n\n\n\n<p>\u017diri je svoje odluke saop\u0161tio na online konferenciji u\u017eivo! U konkurenciji je bilo preko 400 kandidata a za Bosnu i Hercegovinu bilo je kandidovano ukupno 50 mladih ljudi me\u0111u kojima i na\u0161 Milo\u0161.<\/p>\n\n\n\n<p>Izabrani predstavnici Bosne i Hercegovine u programu Mladih evropskih ambasadora!<\/p>\n\n\n\n<p>Broj glasova ali i kvalitet aplikacije kao i njegovo dosada\u0161nje iskustvo delgirali su ga kao kvalitetnog kandidata i novoimenovanog ata\u0161ea iz Bosne i Hercegovine koji \u0107e zajedno sa ostalih 9 koleginica i kolega iz Bosne i Hercegovine te 59 mladih iz Albanije, Crne Gore, Sjeverne Makedonije, Srbije i Kosova* raditi na promociji evropske perspektive Zapadnog Balkana u dinami\u010dnom i uzbudljivom mandatu koji je pred njima!<\/p>\n\n\n\n<p>Ovo je veliki uspjeh za sve nas te se ovom prilikom zahvaljujemo svima koji su se odazvali na\u0161em pozivu i glasali, posebno onima koji su svojom podr\u0161kom osigurali da Lakta\u0161i, Banja Luka i Republika Srpska imaju svog predstavnika na ovakvom nivou!<\/p>\n\n\n\n<p>Milo\u0161u \u010destitamo i \u017eelimo puno sre\u0107e u radu!<\/p>\n\n\n\n<p><em>*Ova oznaka ne prejudicira poziciju i status i u skladu je sa Rezolucijom Savjeta bezbjednosti UN 1244\/1999 i Mi\u0161ljenjem Me\u0111unarodnog suda pravde o kosovskoj Deklaraciji o nezavisnosti.<\/em><\/p>\n\n\n\n<p>Preuzeto sa: <a href=\"http:\/\/www.cerebra-ngo.com\/?p=1033\" target=\"_blank\" rel=\"noreferrer noopener\" aria-label=\"CEREBRA NGO (opens in a new tab)\">CEREBRA NGO<\/a><\/p>\n","protected":false},"excerpt":{"rendered":"<p>Milo\u0161 Kova\u010devi\u0107, izabran je me\u0111u 10 Mladih evropskih ambasadora iz Bosne i Hercegovine te \u0107e biti na\u0161 predstavnik na evropskom<\/p>\n","protected":false},"author":1,"featured_media":2606,"comment_status":"closed","ping_status":"open","sticky":false,"template":"","format":"standard","meta":{"om_disable_all_campaigns":false,"_monsterinsights_skip_tracking":false,"_monsterinsights_sitenote_active":false,"_monsterinsights_sitenote_note":"","_monsterinsights_sitenote_category":0,"footnotes":""},"categories":[449],"tags":[1179,22,1178,1014,33],"class_list":["post-2605","post","type-post","status-publish","format-standard","has-post-thumbnail","hentry","category-organizacije","tag-ambasadori","tag-cerebra","tag-evropski","tag-milos-kovacevic","tag-mladi"],"jetpack_featured_media_url":"https:\/\/www.mladibl.com\/wp-content\/uploads\/2020\/08\/Milo\u0161-Kova\u010devi\u0107-me\u0111u-mladim-evropskim-ambasadorima-iz-BiH.png","amp_enabled":true,"_links":{"self":[{"href":"https:\/\/www.mladibl.com\/index.php?rest_route=\/wp\/v2\/posts\/2605","targetHints":{"allow":["GET"]}}],"collection":[{"href":"https:\/\/www.mladibl.com\/index.php?rest_route=\/wp\/v2\/posts"}],"about":[{"href":"https:\/\/www.mladibl.com\/index.php?rest_route=\/wp\/v2\/types\/post"}],"author":[{"embeddable":true,"href":"https:\/\/www.mladibl.com\/index.php?rest_route=\/wp\/v2\/users\/1"}],"replies":[{"embeddable":true,"href":"https:\/\/www.mladibl.com\/index.php?rest_route=%2Fwp%2Fv2%2Fcomments&post=2605"}],"version-history":[{"count":1,"href":"https:\/\/www.mladibl.com\/index.php?rest_route=\/wp\/v2\/posts\/2605\/revisions"}],"predecessor-version":[{"id":2607,"href":"https:\/\/www.mladibl.com\/index.php?rest_route=\/wp\/v2\/posts\/2605\/revisions\/2607"}],"wp:featuredmedia":[{"embeddable":true,"href":"https:\/\/www.mladibl.com\/index.php?rest_route=\/wp\/v2\/media\/2606"}],"wp:attachment":[{"href":"https:\/\/www.mladibl.com\/index.php?rest_route=%2Fwp%2Fv2%2Fmedia&parent=2605"}],"wp:term":[{"taxonomy":"category","embeddable":true,"href":"https:\/\/www.mladibl.com\/index.php?rest_route=%2Fwp%2Fv2%2Fcategories&post=2605"},{"taxonomy":"post_tag","embeddable":true,"href":"https:\/\/www.mladibl.com\/index.php?rest_route=%2Fwp%2Fv2%2Ftags&post=2605"}],"curies":[{"name":"wp","href":"https:\/\/api.w.org\/{rel}","templated":true}]}}