{"id":25883,"date":"2022-11-28T20:37:58","date_gmt":"2022-11-28T18:37:58","guid":{"rendered":"https:\/\/www.mladibl.com\/?p=25883"},"modified":"2022-11-28T21:00:16","modified_gmt":"2022-11-28T19:00:16","slug":"iscon-prva-medunarodna-naucna-studentska-konferencija","status":"publish","type":"post","link":"https:\/\/www.mladibl.com\/?p=25883","title":{"rendered":"ISCon &#8211; prva me\u0111unarodna nau\u010dna studentska konferencija"},"content":{"rendered":"\n<p>Savez studenata Elektrotehni\u010dkog fakulteta \/SSETF\/ Univerziteta u Banjoj Luci odr\u017ea\u0107e po\u010detkom decembra Prvu me\u0111unarodnu nau\u010dnu studentsku konferenciju, koja \u0107e okupiti oko 500 u\u010desnika.<\/p>\n\n\n\n<p>Predsjednik Saveza studenata ovog fakulteta Aleksandar Jeli\u0107 izrazio je zadovoljstvo brojem zainteresovanih u\u010desnika, koji dolaze iz Makedonije, Srbije, Crne Gore, Hrvatske i BiH, te je iskazao duboko vjerovanje da \u0107e Konferencija narednih godina biti podignuta na jo\u0161 vi\u0161i nivo prisustvovanjem gostiju iz brojnih drugih zemalja iz cijele Evrope, te da \u0107e sama konferencija po kvalitetu vremenom do\u0107i na nivo nekih konferencija koje se odr\u017eavaju u razvijenim zemljama.<\/p>\n\n\n\n<p>\u201cOsim studenata, na Konferenciji \u0107e u\u010destvovati i profesori, predstavnici lokalnih i republi\u010dkih vlasti, kao i kompanija iz IT sektora. Njihova podr\u0161ka nam je naro\u010dito zna\u010dajna, jer nam daje vjetar u le\u0111a i ukazuje da radimo dobru stvar za dru\u0161tvo\u201d, rekao je Jeli\u0107. On je naveo da se Konferencija organizuje nakon obilje\u017eavanja bitnog doga\u0111aja &#8211; 60 godina Fakulteta, koje je odr\u017eano ju\u010de, te izrazio nadu da \u0107e opstati i narednih godina i da \u0107e se iz same konferencije izroditi jedna nova organizacija koja \u0107e svake godine dostizati sve vi\u0161i i vi\u0161i nivo, pomaganjem studentima, kompanijama i institucijama da se bolje pove\u017eu i da sve strane imaju koristi od iste te da generalno do\u0111emo do toga da imamo jedan ovakav doga\u0111aj tradiocionalno u na\u0161em gradu i dr\u017eavi.<\/p>\n\n\n\n<p>\u201cIdeja je bila da pove\u017eemo privredu I fakultet, da studentima pribli\u017eimo \u0161ta se to de\u0161ava u firmama u njihovoj okolini, odnosno \u0161ta je to \u0161to privredi treba od njihovog znanja i umije\u0107a\u201d, rekao je Jeli\u0107.<\/p>\n\n\n\n<p>On je naveo da je tema ovogodi\u0161nje konferencije \u201cSmart city &#8211; smart life\u201d, te da \u0107e razli\u010dite kompanije iz IT sektora, koje su prijatelji konferencije i sponzori, studentima odr\u017eati prezentacije, ali organizovati i radionice i panel diskusije.<\/p>\n\n\n\n<p>Me\u0111unarodna nau\u010dna konferencija \u0107e biti odr\u017eana u Hotelu \u201cBosna\u201d od 2. do 4. decembra.<\/p>\n\n\n\n<p>Izvor: Saop\u0161tenje<\/p>\n","protected":false},"excerpt":{"rendered":"<p>Savez studenata Elektrotehni\u010dkog fakulteta \/SSETF\/ Univerziteta u Banjoj Luci odr\u017ea\u0107e po\u010detkom decembra Prvu me\u0111unarodnu nau\u010dnu studentsku konferenciju, koja \u0107e okupiti<\/p>\n","protected":false},"author":1,"featured_media":25868,"comment_status":"closed","ping_status":"open","sticky":false,"template":"","format":"standard","meta":{"om_disable_all_campaigns":false,"_monsterinsights_skip_tracking":false,"_monsterinsights_sitenote_active":false,"_monsterinsights_sitenote_note":"","_monsterinsights_sitenote_category":0,"footnotes":""},"categories":[6,8692],"tags":[10079,184,48,62],"class_list":["post-25883","post","type-post","status-publish","format-standard","has-post-thumbnail","hentry","category-dogadjaji","category-izdvajamo","tag-iscon","tag-konferencija","tag-nauka","tag-studenti"],"jetpack_featured_media_url":"https:\/\/www.mladibl.com\/wp-content\/uploads\/2022\/11\/ISCon-Banja-Luka.jpg","amp_enabled":true,"_links":{"self":[{"href":"https:\/\/www.mladibl.com\/index.php?rest_route=\/wp\/v2\/posts\/25883","targetHints":{"allow":["GET"]}}],"collection":[{"href":"https:\/\/www.mladibl.com\/index.php?rest_route=\/wp\/v2\/posts"}],"about":[{"href":"https:\/\/www.mladibl.com\/index.php?rest_route=\/wp\/v2\/types\/post"}],"author":[{"embeddable":true,"href":"https:\/\/www.mladibl.com\/index.php?rest_route=\/wp\/v2\/users\/1"}],"replies":[{"embeddable":true,"href":"https:\/\/www.mladibl.com\/index.php?rest_route=%2Fwp%2Fv2%2Fcomments&post=25883"}],"version-history":[{"count":1,"href":"https:\/\/www.mladibl.com\/index.php?rest_route=\/wp\/v2\/posts\/25883\/revisions"}],"predecessor-version":[{"id":25884,"href":"https:\/\/www.mladibl.com\/index.php?rest_route=\/wp\/v2\/posts\/25883\/revisions\/25884"}],"wp:featuredmedia":[{"embeddable":true,"href":"https:\/\/www.mladibl.com\/index.php?rest_route=\/wp\/v2\/media\/25868"}],"wp:attachment":[{"href":"https:\/\/www.mladibl.com\/index.php?rest_route=%2Fwp%2Fv2%2Fmedia&parent=25883"}],"wp:term":[{"taxonomy":"category","embeddable":true,"href":"https:\/\/www.mladibl.com\/index.php?rest_route=%2Fwp%2Fv2%2Fcategories&post=25883"},{"taxonomy":"post_tag","embeddable":true,"href":"https:\/\/www.mladibl.com\/index.php?rest_route=%2Fwp%2Fv2%2Ftags&post=25883"}],"curies":[{"name":"wp","href":"https:\/\/api.w.org\/{rel}","templated":true}]}}